{"id":2172,"date":"2026-07-24T03:17:57","date_gmt":"2026-07-24T03:17:57","guid":{"rendered":"https:\/\/contabilidadfamiliar.com\/index.php\/2026\/07\/24\/milei-quiere-que-los-medicamentos-se-vendan-en-todos-lados-y-encendio-alarmas-entre-farmacias\/"},"modified":"2026-07-24T03:17:57","modified_gmt":"2026-07-24T03:17:57","slug":"milei-quiere-que-los-medicamentos-se-vendan-en-todos-lados-y-encendio-alarmas-entre-farmacias","status":"publish","type":"post","link":"https:\/\/contabilidadfamiliar.com\/index.php\/2026\/07\/24\/milei-quiere-que-los-medicamentos-se-vendan-en-todos-lados-y-encendio-alarmas-entre-farmacias\/","title":{"rendered":"Milei quiere que los medicamentos se vendan en todos lados y encendi\u00f3 alarmas entre farmacias"},"content":{"rendered":" \n                                        <p><div class=\"extracted-content\"><div id=\"readability-page-1\" class=\"page\"><div> Los medicamentos son un dolor de cabeza para Javier Milei. El Presidente avanza con un nuevo paquete de desregulaciones que promete abrir otro frente de conflicto, esta vez porque pretende <a href=\"https:\/\/www.iprofesional.com\/politica\/455409-gobierno-javier-milei-prepara-mega-desregulacion-para-enviar-congreso-junto-al-super-rigi\" target=\"_blank\" rel=\"noopener noreferrer\"><strong>liberar la venta de f\u00e1rmacos en supermercados, quioscos y plataformas de comercio electr\u00f3nico<\/strong><\/a> como Mercado Libre. Ante esto, las confederaciones farmac\u00e9uticas no solo se oponen, sino que ya obtuvieron <strong>medidas cautelares que frenaron esa pretensi\u00f3n<\/strong> que Milei hab\u00eda volcado en dos decretos anteriores. <strong>&#8220;Es una locura, va contra todo raciocinio&#8221;, <\/strong>dijo a <strong>iProfesional<\/strong> H\u00e9ctor Milanesi, farmac\u00e9utico y exconsejero del Consejo Directivo del Colegio de Farmac\u00e9uticos de la Provincia de Buenos Aires. Por su parte, Marcelo Peretta, titular del Sindicato de Farmac\u00e9uticos y Bioqu\u00edmicos, rechaz\u00f3 la iniciativa y sostuvo que <span>&#8220;se banaliza un producto cr\u00edtico que requiere control m\u00e9dico y farmac\u00e9utico estricto, cadena de fr\u00edo y trazabilidad&#8221;.<\/span> <span>En tanto, Miguel Lombardo, titular de la Federaci\u00f3n Argentina de C\u00e1maras de Farmacias (FACAF) \u2014entidad que agrupa a empresarios propietarios de farmacias\u2014, indic\u00f3 a <strong>iProfesional<\/strong> que ya existen <strong>fallos de la Justicia que frenaron los decretos 70\/23 y 63\/24<\/strong>, los cuales hab\u00edan avanzado en el mismo sentido.<\/span> Efectivamente, hubo dos fallos judiciales que frenaron esta iniciativa impulsada por Milei y su ministro de Desregulaci\u00f3n, Federico Sturzenegger, quienes argumentan que hay que avanzar con la venta libre para bajar los precios dentro de su pol\u00edtica antiinflacionaria. La <strong>Sala I de la C\u00e1mara Contencioso Administrativo Federal<\/strong> concedi\u00f3 una medida cautelar a la Confederaci\u00f3n Farmac\u00e9utica Argentina (COFA) y a la Federaci\u00f3n Farmac\u00e9utica (Fefara), suspendiendo varios art\u00edculos del DNU 70 vinculados a la comercializaci\u00f3n de medicamentos y al ejercicio profesional farmac\u00e9utico. A su vez, el <strong>Juzgado Federal N.\u00b0 2 de Mendoza<\/strong> fall\u00f3 a favor del Colegio de Farmac\u00e9uticos de esa provincia y suspendi\u00f3, con alcance nacional, la venta de medicamentos de venta libre fuera de farmacias que preve\u00edan los decretos 70 y 63, restituyendo as\u00ed la vigencia del art\u00edculo 1\u00b0 de la Ley 17.565. Ese art\u00edculo dispone que la preparaci\u00f3n de recetas, la dispensa de drogas, medicamentos y especialidades farmac\u00e9uticas que requieran prescripci\u00f3n solo podr\u00e1n ser efectuadas en todo el territorio nacional dentro de farmacias habilitadas. Su venta y despacho fuera de estos establecimientos se considera <strong>ejercicio ilegal de la farmacia<\/strong> y, sin perjuicio de las sanciones establecidas por la ley, quienes la efect\u00faen podr\u00e1n ser denunciados por infracci\u00f3n al C\u00f3digo Penal. <h2>Desregulaci\u00f3n de medicamentos: qu\u00e9 propone el nuevo proyecto del Gobierno<\/h2> Entre las medidas que analizan incorporar Milei y Sturzenegger a un megaproyecto de reforma del Estado con m\u00e1s desregulaciones, figura la habilitaci\u00f3n para que los <strong>medicamentos de venta libre puedan comercializarse en supermercados, otros comercios y plataformas digitales<\/strong>, siempre bajo un esquema de requisitos t\u00e9cnicos que, seg\u00fan el oficialismo, garantizar\u00edan la trazabilidad y la seguridad de los productos. Sin embargo, la iniciativa encendi\u00f3 una fuerte alarma entre farmac\u00e9uticos y empresarios del sector, quienes <span>advierten sobre riesgos sanitarios, p\u00e9rdida de controles profesionales, aumento de la automedicaci\u00f3n y dudas sobre la correcta conservaci\u00f3n de los f\u00e1rmacos, al tiempo que descartan que la medida tenga un impacto real en la baja de los precios.<\/span> La propuesta forma parte del paquete de reformas que preparan el presidente Javier Milei y el ministro de Desregulaci\u00f3n y Transformaci\u00f3n del Estado, Federico Sturzenegger, junto con un pedido de <strong>facultades extraordinarias para avanzar por decreto<\/strong> en distintos cambios regulatorios por un per\u00edodo de seis meses. Sin embargo, la p\u00e9rdida de volumen pol\u00edtico en el Congreso que sufre el oficialismo a medida que se acerca el a\u00f1o electoral dificulta la consolidaci\u00f3n de esos consensos parlamentarios. En materia farmac\u00e9utica, el borrador prev\u00e9 lo siguiente: <ul> <li>Habilitar la comercializaci\u00f3n de medicamentos de venta libre en establecimientos distintos de las farmacias y a trav\u00e9s de canales digitales, siempre que cumplan con las condiciones t\u00e9cnicas que establezca la autoridad sanitaria para asegurar la trazabilidad<\/li> <li>Permitir que las farmacias utilicen <strong>plataformas de terceros para la exhibici\u00f3n, gesti\u00f3n de pedidos, pagos y log\u00edstica<\/strong> de medicamentos que no sean de expendio restringido, habilitando adem\u00e1s el env\u00edo a domicilio<\/li> <li>Flexibilizar el r\u00e9gimen de propiedad de las farmacias, las cuales podr\u00e1n constituirse bajo cualquier figura jur\u00eddica<\/li> <li>Permitir que las droguer\u00edas despachen recetas al p\u00fablico si se constituyen formalmente como farmacias<\/li> <li>Incorporar la obligatoriedad de archivos digitales para el recetario y el control de estupefacientes y psicotr\u00f3picos<\/li> <\/ul> Los medicamentos terminan siendo un dolor de cabeza para Milei: una de las causas de mayor impacto para el Gobierno fue la investigaci\u00f3n sobre <strong>sobreprecios en la Agencia Nacional de Discapacidad (ANDIS)<\/strong>, donde se pesquisa una red de posibles coimas tras las menciones hechas por el procesado extitular del organismo, Diego Spagnuolo. Adem\u00e1s, uno de los principales frentes del Gobierno con los Estados Unidos es la exigencia de la aceptaci\u00f3n definitiva y puesta en vigencia de la ley de patentes para medicamentos extranjeros. <h2>El rechazo del sector farmac\u00e9utico y las advertencias por la salud<\/h2> La reacci\u00f3n del sector farmac\u00e9utico fue inmediata. Marcelo Peretta, titular del Sindicato de Farmac\u00e9uticos y Bioqu\u00edmicos, reiter\u00f3 su rechazo a la iniciativa y sostuvo que &#8220;se banaliza un producto cr\u00edtico que requiere control m\u00e9dico y farmac\u00e9utico estricto, cadena de fr\u00edo y trazabilidad&#8221;. Seg\u00fan Peretta, los supermercados, quioscos e internet &#8220;no garantizan la seguridad ni la correcta conservaci\u00f3n de los remedios&#8221;, lo que podr\u00eda derivar en serios problemas sanitarios para los pacientes. Adem\u00e1s, cuestion\u00f3 uno de los principales argumentos econ\u00f3micos del Gobierno: &#8220;Est\u00e1 demostrado que estas medidas no bajan los precios. En junio <a href=\"https:\/\/www.iprofesional.com\/politica\/425691-farmaceuticas-alerta-gobierno-javier-milei-busca-poner-tope-a-precios-medicamentos\" target=\"_blank\" rel=\"noopener noreferrer\"><strong>la inflaci\u00f3n fue del 1,9% y los medicamentos aumentaron un 2,6%, un 52% por encima del \u00edndice general<\/strong><\/a>&#8220;, afirm\u00f3. El dirigente gremial sostuvo que <span>el problema de fondo reside en la estructura de la industria farmac\u00e9utica: &#8220;Hace 35 a\u00f1os operan pr\u00e1cticamente los mismos <strong>300 laboratorios<\/strong> y los primeros 20 concentran el mercado. All\u00ed est\u00e1 la verdadera falta de competencia. Desregular la venta solo beneficia a los laboratorios m\u00e1s grandes y no resuelve que la gente no pueda pagar los medicamentos&#8221;.<\/span> Agreg\u00f3 que Sturzenegger act\u00faa en beneficio de los grandes laboratorios que financian campa\u00f1as electorales. Por su parte, H\u00e9ctor Milanesi, farmac\u00e9utico, exconsejero titular y actual integrante del Consejo Directivo del Colegio de Farmac\u00e9uticos de la Provincia de Buenos Aires, cuestion\u00f3 con dureza el proyecto y asegur\u00f3 que en el sector cunde una extrema preocupaci\u00f3n por estas reincidencias del Gobierno, a pesar de los fallos judiciales adversos. &#8220;Esto es una locura que va en contra del raciocinio de cualquier m\u00e9dico o farmac\u00e9utico. La <strong>venta indiscriminada de medicamentos, aunque sean de venta libre, genera automedicaci\u00f3n e intoxicaci\u00f3n<\/strong>&#8220;, sostuvo. Milanesi advirti\u00f3 que los f\u00e1rmacos requieren condiciones espec\u00edficas de almacenamiento: &#8220;En las farmacias controlamos temperatura y humedad. Los medicamentos no pueden permanecer al sol ni en cualquier g\u00f3ndola porque pierden eficacia y pueden descomponerse&#8221;, explic\u00f3. <h2>Comercio electr\u00f3nico, cambios societarios y el plan global de reformas<\/h2> Milanesi manifest\u00f3 tambi\u00e9n su preocupaci\u00f3n por la expansi\u00f3n de las ventas online. Seg\u00fan indic\u00f3, la compra digital masiva dificulta garantizar la trazabilidad, el traslado adecuado y la autenticidad de los productos, incrementando el <strong>riesgo de circulaci\u00f3n de medicamentos falsificados<\/strong>. El especialista cuestion\u00f3 adem\u00e1s los cambios previstos en la estructura societaria de las farmacias. A su juicio, permitir sociedades an\u00f3nimas y ampliar la posibilidad de que un mismo farmac\u00e9utico figure como responsable de varias sucursales &#8220;diluye las responsabilidades profesionales&#8221; e imposibilita un control efectivo sobre la dispensa. &#8220;El medicamento es un bien social, no una mercanc\u00eda. El farmac\u00e9utico no solo entrega una caja; asesora al paciente, explica c\u00f3mo debe administrarse el tratamiento y previene errores que pueden tener consecuencias graves&#8221;, concluy\u00f3. La discusi\u00f3n se inscribe dentro del amplio plan de reformas que impulsa el Gobierno, el cual contempla las siguientes iniciativas que el Poder Ejecutivo pretende acelerar mediante nuevas facultades delegadas: <ul> <li>La liberaci\u00f3n del precio de los libros<\/li> <li>La desregulaci\u00f3n del mercado inmobiliario<\/li> <li>Cambios en el r\u00e9gimen de arrendamientos rurales<\/li> <li>La liberalizaci\u00f3n del precio de las garrafas<\/li> <li>Modificaciones al sistema financiero para <strong>aceptar criptomonedas como garant\u00eda<\/strong><\/li> <li>Reformas en la navegaci\u00f3n fluvial<\/li> <li>La eliminaci\u00f3n de exigencias para traductores p\u00fablicos<\/li> <li>Cambios en el r\u00e9gimen de cooperativas vitivin\u00edcolas<\/li> <\/ul> <\/div><\/div><\/div><\/p>\n                                        \n                                        \n                                        <p>Fuente: <a href=\"https:\/\/www.iprofesional.com\/negocios\/460673-milei-quiere-que-los-medicamentos-se-vendan-en-todos-lados-y-encendio-alarmas-en-farmacias\">Enlace original<\/a><\/p>\n                                        ","protected":false},"excerpt":{"rendered":"<p>Los medicamentos son un dolor de cabeza para Javier Milei. El Presidente avanza con un nuevo paquete de desregulaciones que promete abrir otro frente de conflicto, esta vez porque pretende liberar la venta de f\u00e1rmacos en supermercados, quioscos y plataformas de comercio electr\u00f3nico como Mercado Libre. Ante esto, las confederaciones farmac\u00e9uticas no solo se oponen, [&hellip;]<\/p>\n","protected":false},"author":1,"featured_media":2171,"comment_status":"open","ping_status":"","sticky":false,"template":"template-ancho-completo.php","format":"standard","meta":{"content-type":"","footnotes":"","jetpack_publicize_message":"","jetpack_publicize_feature_enabled":true,"jetpack_social_post_already_shared":true,"jetpack_social_options":{"image_generator_settings":{"template":"highway","default_image_id":0,"font":"","enabled":false},"version":2}},"categories":[58],"tags":[],"class_list":["post-2172","post","type-post","status-publish","format-standard","has-post-thumbnail","hentry","category-iprofessional"],"aioseo_notices":[],"jetpack_publicize_connections":[],"_links":{"self":[{"href":"https:\/\/contabilidadfamiliar.com\/index.php\/wp-json\/wp\/v2\/posts\/2172","targetHints":{"allow":["GET"]}}],"collection":[{"href":"https:\/\/contabilidadfamiliar.com\/index.php\/wp-json\/wp\/v2\/posts"}],"about":[{"href":"https:\/\/contabilidadfamiliar.com\/index.php\/wp-json\/wp\/v2\/types\/post"}],"author":[{"embeddable":true,"href":"https:\/\/contabilidadfamiliar.com\/index.php\/wp-json\/wp\/v2\/users\/1"}],"replies":[{"embeddable":true,"href":"https:\/\/contabilidadfamiliar.com\/index.php\/wp-json\/wp\/v2\/comments?post=2172"}],"version-history":[{"count":0,"href":"https:\/\/contabilidadfamiliar.com\/index.php\/wp-json\/wp\/v2\/posts\/2172\/revisions"}],"wp:featuredmedia":[{"embeddable":true,"href":"https:\/\/contabilidadfamiliar.com\/index.php\/wp-json\/wp\/v2\/media\/2171"}],"wp:attachment":[{"href":"https:\/\/contabilidadfamiliar.com\/index.php\/wp-json\/wp\/v2\/media?parent=2172"}],"wp:term":[{"taxonomy":"category","embeddable":true,"href":"https:\/\/contabilidadfamiliar.com\/index.php\/wp-json\/wp\/v2\/categories?post=2172"},{"taxonomy":"post_tag","embeddable":true,"href":"https:\/\/contabilidadfamiliar.com\/index.php\/wp-json\/wp\/v2\/tags?post=2172"}],"curies":[{"name":"wp","href":"https:\/\/api.w.org\/{rel}","templated":true}]}}