{"id":2168,"date":"2026-07-24T03:14:57","date_gmt":"2026-07-24T03:14:57","guid":{"rendered":"https:\/\/contabilidadfamiliar.com\/index.php\/2026\/07\/24\/un-argentino-llega-a-la-cupula-de-stellantis-y-controlara-10-marcas-de-autos\/"},"modified":"2026-07-24T03:14:57","modified_gmt":"2026-07-24T03:14:57","slug":"un-argentino-llega-a-la-cupula-de-stellantis-y-controlara-10-marcas-de-autos","status":"publish","type":"post","link":"https:\/\/contabilidadfamiliar.com\/index.php\/2026\/07\/24\/un-argentino-llega-a-la-cupula-de-stellantis-y-controlara-10-marcas-de-autos\/","title":{"rendered":"Un argentino llega a la c\u00fapula de Stellantis y controlar\u00e1 10 marcas de autos"},"content":{"rendered":" \n                                        <p><div class=\"extracted-content\"><div id=\"readability-page-1\" class=\"page\"><div>  Fue designado como Chief Performance Officer de la firma. Tendr\u00e1 a su cargo la ejecuci\u00f3n del plan estrat\u00e9gico para mejorar el desempe\u00f1o global del grupo  <strong>23\/07\/2026<\/strong> &#8211; 20:36hs <div> <picture> <source type=\"image\/webp\" media=\"(max-width: 642px)\" srcset=\"https:\/\/resizer.iproimg.com\/unsafe\/384x\/filters:format(webp):quality(75):max_bytes(102400)\/https:\/\/assets.iprofesional.com\/assets\/JPG\/2018\/11\/468934.JPG 384w, https:\/\/resizer.iproimg.com\/unsafe\/512x\/filters:format(webp):quality(75):max_bytes(102400)\/https:\/\/assets.iprofesional.com\/assets\/JPG\/2018\/11\/468934.JPG 512w, https:\/\/resizer.iproimg.com\/unsafe\/640x\/filters:format(webp):quality(75):max_bytes(102400)\/https:\/\/assets.iprofesional.com\/assets\/JPG\/2018\/11\/468934.JPG 640w\" sizes=\"100vw\"> <source type=\"image\/webp\" media=\"(min-width: 642.01px) and (max-width: 1270px)\" srcset=\"https:\/\/resizer.iproimg.com\/unsafe\/614x\/filters:format(webp):quality(75):max_bytes(102400)\/https:\/\/assets.iprofesional.com\/assets\/JPG\/2018\/11\/468934.JPG 614w\" sizes=\"614px\"> <source type=\"image\/webp\" media=\"(min-width: 1270.01px) and (max-width: 1898px)\" srcset=\"https:\/\/resizer.iproimg.com\/unsafe\/928x\/filters:format(webp):quality(75):max_bytes(102400)\/https:\/\/assets.iprofesional.com\/assets\/JPG\/2018\/11\/468934.JPG 928w\" sizes=\"928px\"> <source type=\"image\/webp\" media=\"(min-width: 1898.01px)\" srcset=\"https:\/\/resizer.iproimg.com\/unsafe\/1270x\/filters:format(webp):quality(75):max_bytes(102400)\/https:\/\/assets.iprofesional.com\/assets\/JPG\/2018\/11\/468934.JPG 1270w\" sizes=\"1270px\"> <\/picture> <\/div> <\/div><div> El ejecutivo argentino Pablo Di Si volver\u00e1 a ocupar un puesto de m\u00e1xima relevancia en la industria automotriz mundial. <a href=\"https:\/\/www.iprofesional.com\/autos\/460426-stellantis-espana-caida-feroz-78-por-ciento-golpe-argentina\" target=\"_blank\" rel=\"noopener noreferrer\">Stellantis<\/a> anunci\u00f3 su designaci\u00f3n como <strong>Chief Performance Officer (CPO)<\/strong>, un cargo de nueva creaci\u00f3n desde el que liderar\u00e1 la ejecuci\u00f3n del <strong>Value Creation Program<\/strong>, la iniciativa con la que el grupo busca acelerar su transformaci\u00f3n operativa y mejorar su desempe\u00f1o a nivel global.<span><\/span> Di Si asumir\u00e1 oficialmente el pr\u00f3ximo <strong>3 de agosto<\/strong> y reportar\u00e1 de manera directa al CEO de Stellantis, Antonio Filosa. Su principal responsabilidad ser\u00e1 coordinar la implementaci\u00f3n del plan estrat\u00e9gico de la compa\u00f1\u00eda para alcanzar los objetivos comerciales y financieros del conglomerado, uno de los mayores fabricantes de veh\u00edculos del mundo. Stellantis re\u00fane marcas como <strong>Fiat, Jeep, Peugeot, Citro\u00ebn, Ram, Alfa Romeo, Opel, Dodge, Chrysler, Maserati y DS Automobiles<\/strong>, entre otras. <h2>Stellantis: Pablo Di Si vuelve a la primera l\u00ednea de la industria automotriz<\/h2> La designaci\u00f3n marca el regreso del ejecutivo argentino a un rol de m\u00e1xima exposici\u00f3n internacional apenas unos meses despu\u00e9s de dejar la presidencia y la direcci\u00f3n ejecutiva de <strong>Volkswagen Group North America<\/strong>, donde estuvo al frente de las operaciones de Estados Unidos, Canad\u00e1 y M\u00e9xico. Antes de ese desaf\u00edo, Di Si hab\u00eda ocupado la presidencia de <strong>Volkswagen Argentina<\/strong> y posteriormente lider\u00f3 <strong>Volkswagen Am\u00e9rica Latina<\/strong>, etapa en la que encabez\u00f3 la recuperaci\u00f3n del negocio regional y el crecimiento de la participaci\u00f3n de mercado de la marca, especialmente en Brasil. Desde Stellantis destacaron que el argentino cuenta con una &#8220;amplia experiencia internacional en liderazgo automotor&#8221; y una trayectoria consolidada en <strong>transformaci\u00f3n empresarial, recuperaci\u00f3n de negocios, excelencia operativa y mejora del desempe\u00f1o comercial<\/strong> en organizaciones de alcance global. <h2>La estrategia de Stellantis para mejorar su desempe\u00f1o<\/h2> La incorporaci\u00f3n de Di Si forma parte de una reorganizaci\u00f3n impulsada por Antonio Filosa para acelerar la ejecuci\u00f3n de la estrategia del grupo. En paralelo, la automotriz anunci\u00f3 el nombramiento de <strong>Tianshu Xin<\/strong> como responsable de la regi\u00f3n China y Asia-Pac\u00edfico, dos mercados considerados estrat\u00e9gicos para el crecimiento futuro de la compa\u00f1\u00eda. <span>&#8220;Tianshu Xin y Pablo Di Si aportan una profunda experiencia de liderazgo global, disciplina operativa y un historial comprobado de creaci\u00f3n de equipos s\u00f3lidos e impulso del rendimiento en mercados altamente competitivos&#8221;,<\/span> afirm\u00f3 Filosa al presentar los cambios. Seg\u00fan el CEO, ambos nombramientos buscan fortalecer la capacidad de ejecuci\u00f3n de Stellantis y acelerar la creaci\u00f3n de valor para el grupo. <h2>El desaf\u00edo que enfrentar\u00e1 el ejecutivo argentino<\/h2> La llegada de Pablo Di Si se produce en un momento desafiante para la industria automotriz mundial. Los fabricantes tradicionales enfrentan una competencia creciente por parte de las automotrices chinas, al tiempo que buscan mejorar su rentabilidad, avanzar en la electrificaci\u00f3n y optimizar costos en mercados cada vez m\u00e1s exigentes. En ese contexto, el nuevo Chief Performance Officer tendr\u00e1 la misi\u00f3n de coordinar la implementaci\u00f3n del programa que busca elevar la eficiencia operativa y fortalecer los resultados financieros de Stellantis, una tarea considerada clave para el futuro del grupo. <\/div><\/div><\/div><\/p>\n                                        \n                                        \n                                        <p>Fuente: <a href=\"https:\/\/www.iprofesional.com\/autos\/460678-un-argentino-llega-a-la-cupula-de-stellantis-y-controlara-10-marcas-de-autos\">Enlace original<\/a><\/p>\n                                        ","protected":false},"excerpt":{"rendered":"<p>Fue designado como Chief Performance Officer de la firma. Tendr\u00e1 a su cargo la ejecuci\u00f3n del plan estrat\u00e9gico para mejorar el desempe\u00f1o global del grupo 23\/07\/2026 &#8211; 20:36hs El ejecutivo argentino Pablo Di Si volver\u00e1 a ocupar un puesto de m\u00e1xima relevancia en la industria automotriz mundial. Stellantis anunci\u00f3 su designaci\u00f3n como Chief Performance Officer [&hellip;]<\/p>\n","protected":false},"author":1,"featured_media":2167,"comment_status":"open","ping_status":"","sticky":false,"template":"template-ancho-completo.php","format":"standard","meta":{"content-type":"","footnotes":"","jetpack_publicize_message":"","jetpack_publicize_feature_enabled":true,"jetpack_social_post_already_shared":true,"jetpack_social_options":{"image_generator_settings":{"template":"highway","default_image_id":0,"font":"","enabled":false},"version":2}},"categories":[58],"tags":[],"class_list":["post-2168","post","type-post","status-publish","format-standard","has-post-thumbnail","hentry","category-iprofessional"],"aioseo_notices":[],"jetpack_publicize_connections":[],"_links":{"self":[{"href":"https:\/\/contabilidadfamiliar.com\/index.php\/wp-json\/wp\/v2\/posts\/2168","targetHints":{"allow":["GET"]}}],"collection":[{"href":"https:\/\/contabilidadfamiliar.com\/index.php\/wp-json\/wp\/v2\/posts"}],"about":[{"href":"https:\/\/contabilidadfamiliar.com\/index.php\/wp-json\/wp\/v2\/types\/post"}],"author":[{"embeddable":true,"href":"https:\/\/contabilidadfamiliar.com\/index.php\/wp-json\/wp\/v2\/users\/1"}],"replies":[{"embeddable":true,"href":"https:\/\/contabilidadfamiliar.com\/index.php\/wp-json\/wp\/v2\/comments?post=2168"}],"version-history":[{"count":0,"href":"https:\/\/contabilidadfamiliar.com\/index.php\/wp-json\/wp\/v2\/posts\/2168\/revisions"}],"wp:featuredmedia":[{"embeddable":true,"href":"https:\/\/contabilidadfamiliar.com\/index.php\/wp-json\/wp\/v2\/media\/2167"}],"wp:attachment":[{"href":"https:\/\/contabilidadfamiliar.com\/index.php\/wp-json\/wp\/v2\/media?parent=2168"}],"wp:term":[{"taxonomy":"category","embeddable":true,"href":"https:\/\/contabilidadfamiliar.com\/index.php\/wp-json\/wp\/v2\/categories?post=2168"},{"taxonomy":"post_tag","embeddable":true,"href":"https:\/\/contabilidadfamiliar.com\/index.php\/wp-json\/wp\/v2\/tags?post=2168"}],"curies":[{"name":"wp","href":"https:\/\/api.w.org\/{rel}","templated":true}]}}