{"id":2146,"date":"2026-07-22T04:08:53","date_gmt":"2026-07-22T04:08:53","guid":{"rendered":"https:\/\/contabilidadfamiliar.com\/index.php\/2026\/07\/22\/una-vaquillona-que-se-habia-vendido-el-50-en-136-millones-de-pesos-se-consagro-gran-campeon-hembra-de-la-raza-brangus\/"},"modified":"2026-07-22T04:08:53","modified_gmt":"2026-07-22T04:08:53","slug":"una-vaquillona-que-se-habia-vendido-el-50-en-136-millones-de-pesos-se-consagro-gran-campeon-hembra-de-la-raza-brangus","status":"publish","type":"post","link":"https:\/\/contabilidadfamiliar.com\/index.php\/2026\/07\/22\/una-vaquillona-que-se-habia-vendido-el-50-en-136-millones-de-pesos-se-consagro-gran-campeon-hembra-de-la-raza-brangus\/","title":{"rendered":"Una vaquillona que se hab\u00eda vendido el 50% en 136 millones de pesos se consagr\u00f3 Gran Campe\u00f3n Hembra de la raza Brangus"},"content":{"rendered":" \n                                        <p><div class=\"extracted-content\"><div id=\"readability-page-1\" class=\"page\"><div id=\"cuerpo\">n una nueva ma\u00f1ana gris y fr\u00eda en la pista central de la Exposici\u00f3n Rural de Palermo, la raza Brangus llev\u00f3 adelante la jura de hembras. Tras evaluar 64 ejemplares, el jurado<strong> Carlos Ojea Rull\u00e1n<\/strong> consagr\u00f3 como<strong> Gran Campe\u00f3n Hembra <\/strong>al box 686, una vaquillona mayor de la caba\u00f1a cordobesa El Porvenir, de Walter Orod\u00e1. El ejemplar, de casi dos a\u00f1os de edad y 620 kilos, coron\u00f3 una destacada actuaci\u00f3n al imponerse primero en su categor\u00eda y luego quedarse con el m\u00e1ximo galard\u00f3n de la raza.El <strong>Reservado Gran Campe\u00f3n Hembra<\/strong> fue para el box 706, un reproductor compartido por El Impenetrable, Establecimiento La Magdalena, Tres Cruces, Manuel Molej\u00f3n, Mart\u00edn Montiel e Ignacio Lupi\u00f3n, mientras que el t\u00edtulo de <strong>Tercer Mejor Hembra<\/strong> correspondi\u00f3 al box 623 de Caba\u00f1a Don Pedro, de Francisco Gallo.Tras la consagraci\u00f3n, Orod\u00e1 no ocult\u00f3 su emoci\u00f3n y destac\u00f3 las cualidades del ejemplar que alcanz\u00f3 el m\u00e1ximo reconocimiento de la exposici\u00f3n. &#8220;Lo m\u00e1s importante es que <strong>es una vaca terriblemente femenina.<\/strong> Creo que es una de las vacas m\u00e1s lindas que El Porvenir ha podido producir&#8221;, afirm\u00f3.El criador record\u00f3 que al animal ya hab\u00eda participado este a\u00f1o en Las Nacionales, que se realiz\u00f3 en Corrientes, donde hab\u00eda despertado grandes expectativas, aunque el resultado no reflej\u00f3, a su entender, el verdadero potencial del animal.&#8221;Hab\u00eda sido muy comentada.<strong> En aquella oportunidad el jurado no la consider\u00f3 como pas\u00f3 aqu\u00ed.<\/strong> <strong>Hoy vino a Palermo y se reivindic\u00f3.<\/strong> Eso me puso terriblemente contento y me emocion\u00f3 mucho&#8221;, expres\u00f3.La consagraci\u00f3n llega adem\u00e1s despu\u00e9s de un importante respaldo comercial que se le dio al animal. Luego de Las Nacionales, a principios de junio, el ejemplar fue presentado en el remate de hembras de \u00e9lite de la caba\u00f1a, donde el 50% de su propiedad fue adquirido por la caba\u00f1a brasile\u00f1a Floripana, clientes hist\u00f3ricos de El Porvenir, <strong>en una operaci\u00f3n de 136 millones de pesos.<\/strong><div id=\"element-body-6\"><picture><source media=\"(min-width: 975px)\" width=\"720\" height=\"480\" srcset=\"https:\/\/www.clarin.com\/img\/2026\/07\/21\/lZ2aBGpYR_720x0__1.jpg\"><span><\/span><\/picture><\/div>&#8220;Hab\u00eda much\u00edsimas expectativas sobre la vaquillona y<strong> quer\u00edamos que estuviera a la altura de las circunstancias por el monto que hab\u00edan pagado los nuevos socios<\/strong>. Por suerte hoy se mostr\u00f3 espectacular en la pista&#8221;, se\u00f1al\u00f3.La Gran Campe\u00f3n continuar\u00e1 en la caba\u00f1a, donde ser\u00e1 destinada al programa de reproducci\u00f3n para producir embriones. &#8220;Esperamos que sus cr\u00edas cumplan todo lo que ella promete&#8221;, indic\u00f3.El Porvenir inici\u00f3 su trabajo con la raza Brangus en 2008, en Quilino, al noroeste de C\u00f3rdoba, y hoy acumula cerca de dos d\u00e9cadas de selecci\u00f3n gen\u00e9tica. &#8220;Llevamos unos 18 a\u00f1os criando Brangus. Es un trabajo de toda la familia. Mis hijos est\u00e1n todos los d\u00edas en el campo y mi hija Sof\u00eda nos dirige a todos&#8221;, destac\u00f3 Orod\u00e1.<\/div><\/div><\/div><\/p>\n                                        \n                                        \n                                        <p>Fuente: <a href=\"https:\/\/www.clarin.com\/rural\/animal-vendido-50-136-millones-pesos-consagro-gran-campeon-hembra-raza-brangus_0_uOjBT3iGGS.html\">Enlace original<\/a><\/p>\n                                        ","protected":false},"excerpt":{"rendered":"<p>n una nueva ma\u00f1ana gris y fr\u00eda en la pista central de la Exposici\u00f3n Rural de Palermo, la raza Brangus llev\u00f3 adelante la jura de hembras. Tras evaluar 64 ejemplares, el jurado Carlos Ojea Rull\u00e1n consagr\u00f3 como Gran Campe\u00f3n Hembra al box 686, una vaquillona mayor de la caba\u00f1a cordobesa El Porvenir, de Walter Orod\u00e1. [&hellip;]<\/p>\n","protected":false},"author":1,"featured_media":2145,"comment_status":"open","ping_status":"","sticky":false,"template":"template-ancho-completo.php","format":"standard","meta":{"content-type":"","footnotes":"","jetpack_publicize_message":"","jetpack_publicize_feature_enabled":true,"jetpack_social_post_already_shared":true,"jetpack_social_options":{"image_generator_settings":{"template":"highway","default_image_id":0,"font":"","enabled":false},"version":2}},"categories":[125],"tags":[],"class_list":["post-2146","post","type-post","status-publish","format-standard","has-post-thumbnail","hentry","category-clarin"],"aioseo_notices":[],"jetpack_publicize_connections":[],"_links":{"self":[{"href":"https:\/\/contabilidadfamiliar.com\/index.php\/wp-json\/wp\/v2\/posts\/2146","targetHints":{"allow":["GET"]}}],"collection":[{"href":"https:\/\/contabilidadfamiliar.com\/index.php\/wp-json\/wp\/v2\/posts"}],"about":[{"href":"https:\/\/contabilidadfamiliar.com\/index.php\/wp-json\/wp\/v2\/types\/post"}],"author":[{"embeddable":true,"href":"https:\/\/contabilidadfamiliar.com\/index.php\/wp-json\/wp\/v2\/users\/1"}],"replies":[{"embeddable":true,"href":"https:\/\/contabilidadfamiliar.com\/index.php\/wp-json\/wp\/v2\/comments?post=2146"}],"version-history":[{"count":0,"href":"https:\/\/contabilidadfamiliar.com\/index.php\/wp-json\/wp\/v2\/posts\/2146\/revisions"}],"wp:featuredmedia":[{"embeddable":true,"href":"https:\/\/contabilidadfamiliar.com\/index.php\/wp-json\/wp\/v2\/media\/2145"}],"wp:attachment":[{"href":"https:\/\/contabilidadfamiliar.com\/index.php\/wp-json\/wp\/v2\/media?parent=2146"}],"wp:term":[{"taxonomy":"category","embeddable":true,"href":"https:\/\/contabilidadfamiliar.com\/index.php\/wp-json\/wp\/v2\/categories?post=2146"},{"taxonomy":"post_tag","embeddable":true,"href":"https:\/\/contabilidadfamiliar.com\/index.php\/wp-json\/wp\/v2\/tags?post=2146"}],"curies":[{"name":"wp","href":"https:\/\/api.w.org\/{rel}","templated":true}]}}