{"id":2138,"date":"2026-07-22T04:01:51","date_gmt":"2026-07-22T04:01:51","guid":{"rendered":"https:\/\/contabilidadfamiliar.com\/index.php\/2026\/07\/22\/pese-a-los-anuncios-el-clima-inversor-es-amarrate-el-rigi-es-solo-el-15-del-pbi\/"},"modified":"2026-07-22T04:01:51","modified_gmt":"2026-07-22T04:01:51","slug":"pese-a-los-anuncios-el-clima-inversor-es-amarrate-el-rigi-es-solo-el-15-del-pbi","status":"publish","type":"post","link":"https:\/\/contabilidadfamiliar.com\/index.php\/2026\/07\/22\/pese-a-los-anuncios-el-clima-inversor-es-amarrate-el-rigi-es-solo-el-15-del-pbi\/","title":{"rendered":"Pese a los anuncios, el clima inversor es amarrate: el RIGI es s\u00f3lo el 1,5% del PBI"},"content":{"rendered":" \n                                        <p><div class=\"extracted-content\"><div id=\"readability-page-1\" class=\"page\"><div id=\"cuerpo\"><strong>El divorcio es total. <\/strong>Los anuncios de llegada de inversiones con las declaraciones de los funcionarios ocupan muchas veces las primeras planas de diarios y portales. Pero las estad\u00edsticas muestran que <strong><a href=\"https:\/\/www.clarin.com\/economia\/inversion-hunde-116-ano-pasado-motivos-explican-caida_0_xGDwRXmIHK.html\" target=\"_blank\" title=\"la inversi\u00f3n retrocede cuatro trimestres.\" alt=\"la inversi\u00f3n retrocede cuatro trimestres.\">la inversi\u00f3n retrocede cuatro trimestres.<\/a><\/strong>\u00bfQu\u00e9 ocurre? \u00bfLos argentinos consumimos o fabricamos una narrativa err\u00f3nea o al menos parcial? En Econom\u00eda es dif\u00edcil se\u00f1alar que algo est\u00e1 bien o mal si no que <strong>depende mucho desde qu\u00e9 perspectiva y per\u00edodo se lo analice.<\/strong>El ex viceministro de Econom\u00eda Orlando Ferreres dice que en la Argentina <em>\u201cno hay ambiente inversor\u201d <\/em>como en los 90. Que el Gobierno gener\u00f3 el esquema de RIGI y s\u00faper RIGI, pero macroecon\u00f3micamente a\u00fan no es significativo. <em>\u201cQuiz\u00e1 m\u00e1s adelante\u201d.<\/em>Una cuenta que hizo el Estudio Eco Go pone en perspectiva la afirmaci\u00f3n de Ferreres. Del total de los RIGI anunciados, aprobados, publicados en el Bolet\u00edn Oficial y a desembolsar en los pr\u00f3ximos dos a\u00f1os, <strong>solo hay US$ 7.881 millones sobre US$ 123.977 millones. Esto equivale a 7,2% del total de inversi\u00f3n en el pa\u00eds y 1,5% del PBI.<\/strong>Milei hace otra lectura del fen\u00f3meno.Rechaza la mirada bajo la cual la econom\u00eda argentina registra una recuperaci\u00f3n en forma de K (<strong>N.E.:<\/strong> un modismo para se\u00f1alar que hay sectores que crecen mientras otros se contraen, a diferencia de la letra V para describir el <em>\u2018pedo de buzo\u2019<\/em> de 2024). El Presidente argumenta que las diferencias refleja cuestiones de competitividad, cambios tecnol\u00f3gicos y una nueva distribuci\u00f3n geogr\u00e1fica en la inversi\u00f3n y empleo por sector.<div id=\"element-body-6\"><blockquote><div lang=\"es\" dir=\"ltr\">MUY IMPORTANTEMoody&#8217;s acaba de subir la calificaci\u00f3n de Argentina de Caa1 a B3 (equivalente a B- en Fitch y S&amp;P) y cambi\u00f3 la perspectiva a Positiva.Con esta decisi\u00f3n, las tres grandes calificadoras (Moody&#8217;s, S&amp;P y Fitch) quedan alineadas en B- por primera vez en m\u00e1s de una\u2026<\/div>\u2014 Jose Luis Daza (@JoseLuisDazaAR) <a href=\"https:\/\/x.com\/JoseLuisDazaAR\/status\/2079671556490342442?ref_src=twsrc%5Etfw\">July 21, 2026<\/a><\/blockquote> <\/div><div id=\"element-body-7\">Para seguir estimulando todo este reacomodamiento, Milei pretende desregular m\u00e1s la econom\u00eda (mercado de capitales) y bajar m\u00e1s el riesgo pa\u00eds. <a href=\"https:\/\/www.clarin.com\/economia\/calificadora-moodys-mejoro-nota-argentina-paso-b3-subio-perspectiva-positiva_0_uJU9sLwyMo.html\" target=\"_blank\" title=\"Este martes Moody\u2019s elev\u00f3 la calificaci\u00f3n al pa\u00eds.\" alt=\"Este martes Moody\u2019s elev\u00f3 la calificaci\u00f3n al pa\u00eds.\">Este martes Moody\u2019s elev\u00f3 la calificaci\u00f3n al pa\u00eds.<\/a><\/div>Los economistas, incluso los cr\u00edticos, creen que esto podr\u00eda dar resultado. Los d\u00f3lares de las inversiones ingresar\u00e1n y de alg\u00fan modo el tipo de cambio de equilibrio del Plan Milei es distinto al del kirchnerismo. Pero quiz\u00e1s esto sea m\u00e1s adelante, no de inmediato.<strong><em>\u201cNo se gener\u00f3 todav\u00eda una tasa de inter\u00e9s baja y tranquila para la inversi\u00f3n\u201d, <\/em><\/strong>cuenta Ferreres. <strong><em>\u201cLa mayor\u00eda elige no poner un d\u00f3lar porque quiere ver qu\u00e9 pasar\u00e1 el a\u00f1o que viene. <\/em><\/strong><em>El tema central es si la Argentina es un pa\u00eds como Uruguay o Chile donde si est\u00e1 la derecha o la izquierda no hay cambios con la macro\u201d<\/em><strong><em>, <\/em><\/strong><em>asegura<\/em><strong><em>.<\/em><\/strong>\u00bfEl Plan Milei se lo mejora o se lo revierte el d\u00eda que no est\u00e9 m\u00e1s el l\u00edder de LLA?El Gobierno sigue retirando pesos de la econom\u00eda a trav\u00e9s de las licitaciones, evitando que la tasa de inter\u00e9s baje m\u00e1s, como pide Ferreres. De ah\u00ed que los funcionarios no vean la hora de que el riesgo pa\u00eds perfore los 400 puntos para compensar ese camino que la Argentina deber\u00e1 transitar para recuperar su moneda y desinflar la econom\u00eda como Brasil en los 90 y 2000: una tasa de inter\u00e9s que le gane a la inflaci\u00f3n y sea atractiva para los ahorristas. Es una de las estrategias que pidi\u00f3 desplegar el FMI <strong>para evitar la volatilidad cambiaria de cara a 2027.<\/strong>El tema es su impacto en la actividad y en el pa\u00eds. De los proyectos aprobados por el RIGI la mayor\u00eda se ubica en R\u00edo Negro: Gasoducto Dedicado PAE, Vaca Muerta GNL y Vaca Muerta Oleoducto Sur. En revisi\u00f3n figuran los m\u00e1s grandes: LLL Oil de YPF (US$ 25.000 millones) y El Trapial de Chevr\u00f3n (US$ 13.800 millones), ambos en Neuqu\u00e9n.Este grado de concentraci\u00f3n en geograf\u00eda y sectores es t\u00edpico de un enclave: si en los pr\u00f3ximos dos a\u00f1os se desembolsan los US$ 7.881 millones v\u00eda RIGI, el 60% vendr\u00e1 solo de tres inversiones: Vaca Muerta Oleoducto Sur, Proyecto Rinc\u00f3n (R\u00edo Tinto) y Gasoducto Dedicado PAE. \u00bfEso es la econom\u00eda?Precisamente por este tipo de configuraci\u00f3n del crecimiento es que la capacidad de difusi\u00f3n de la expansi\u00f3n econ\u00f3mica hacia al resto de los sectores, <strong>resulta tenue y amarreta<\/strong>. Cinco sectores de la industria operan hoy en d\u00eda a menos del 50% de su capacidad instalada, seg\u00fan el Indec, y siete de quince sectores que conforman el Estimador Mensual de Actividad (un \u00edndice que releva el crecimiento) mostraron una expansi\u00f3n en t\u00e9rminos interanuales.Es sabido desde hace siglos que muchas veces el proceso de expansi\u00f3n capitalista cuando es liderado por nuevas actividades tiende a la concentraci\u00f3n de la estructura econ\u00f3mica. <strong>Son las empresas y sectores con m\u00e1s perspectiva las que m\u00e1s invierten <\/strong>mientras el resto pierde casilleros. Para colmo, los nuevos tienen que invertir m\u00e1s si quieren ganar escala. Como dijo <a href=\"https:\/\/www.clarin.com\/economia\/milei-lanza-roadshow-academico-mostro-paper-economia-redes-trabaja_0_yIDdEf2Jfy.html\" target=\"_blank\" title=\"Milei en su working paper junto a Demian Reidel, el capitalismo es un tema de escala\" alt=\"Milei en su working paper junto a Demian Reidel, el capitalismo es un tema de escala\">Milei en su <\/a><em><a href=\"https:\/\/www.clarin.com\/economia\/milei-lanza-roadshow-academico-mostro-paper-economia-redes-trabaja_0_yIDdEf2Jfy.html\" target=\"_blank\" title=\"Milei en su working paper junto a Demian Reidel, el capitalismo es un tema de escala\" alt=\"Milei en su working paper junto a Demian Reidel, el capitalismo es un tema de escala\">working paper<\/a><\/em><a href=\"https:\/\/www.clarin.com\/economia\/milei-lanza-roadshow-academico-mostro-paper-economia-redes-trabaja_0_yIDdEf2Jfy.html\" target=\"_blank\" title=\"Milei en su working paper junto a Demian Reidel, el capitalismo es un tema de escala\" alt=\"Milei en su working paper junto a Demian Reidel, el capitalismo es un tema de escala\"> junto a Demian Reidel, el capitalismo es un tema de escala<\/a>. <em>\u201cHay una escala m\u00ednima viable: por debajo de ella el colapso es inevitable, y por encima crecer deja de ser una opci\u00f3n entre varias para volverse la \u00fanica decisi\u00f3n racional\u201d.<\/em>Pero si es como dicen Milei-Reidel, \u00bfpor qu\u00e9 no hay ambiente inversor tal cual describe Ferreres? \u00bfpor 2027?\u201cHay <strong>cautela<\/strong>\u201d, dice Daniel Marx, ex secretario de Finanzas.<em> \u201cUna pregunta habitual de los inversores es si esta vez es diferente y habr\u00e1 consolidaci\u00f3n de las pol\u00edticas\u201d.<\/em>Pero uno cosa es el regreso al mercado de capitales, que alivia la hoja del Banco Central porque resta demanda del Tesoro de d\u00f3lares, y otra es que las empresas a nivel local e internacional vean oportunidades de inversi\u00f3n en el sector real. Es el mundo de lo financiero versus el sector real.Con una econom\u00eda trabajando en niveles m\u00e1ximos <strong>el divorcio entre actividad, inversi\u00f3n y consumo es evidente<\/strong>. El capital es cauto y prefiere perder plata hoy, con Milei, <strong>a tener que recuperarla ma\u00f1ana con un candidato que a\u00fan es un desconocido<\/strong>.<\/div><\/div><\/div><\/p>\n                                        \n                                        \n                                        <p>Fuente: <a href=\"https:\/\/www.clarin.com\/economia\/pese-anuncios-clima-inversor-amarrate-rigi-solo-15-pbi_0_UTaezRovBd.html\">Enlace original<\/a><\/p>\n                                        ","protected":false},"excerpt":{"rendered":"<p>El divorcio es total. Los anuncios de llegada de inversiones con las declaraciones de los funcionarios ocupan muchas veces las primeras planas de diarios y portales. Pero las estad\u00edsticas muestran que la inversi\u00f3n retrocede cuatro trimestres.\u00bfQu\u00e9 ocurre? \u00bfLos argentinos consumimos o fabricamos una narrativa err\u00f3nea o al menos parcial? En Econom\u00eda es dif\u00edcil se\u00f1alar que [&hellip;]<\/p>\n","protected":false},"author":1,"featured_media":2137,"comment_status":"open","ping_status":"","sticky":false,"template":"template-ancho-completo.php","format":"standard","meta":{"content-type":"","footnotes":"","jetpack_publicize_message":"","jetpack_publicize_feature_enabled":true,"jetpack_social_post_already_shared":true,"jetpack_social_options":{"image_generator_settings":{"template":"highway","default_image_id":0,"font":"","enabled":false},"version":2}},"categories":[125],"tags":[],"class_list":["post-2138","post","type-post","status-publish","format-standard","has-post-thumbnail","hentry","category-clarin"],"aioseo_notices":[],"jetpack_publicize_connections":[],"_links":{"self":[{"href":"https:\/\/contabilidadfamiliar.com\/index.php\/wp-json\/wp\/v2\/posts\/2138","targetHints":{"allow":["GET"]}}],"collection":[{"href":"https:\/\/contabilidadfamiliar.com\/index.php\/wp-json\/wp\/v2\/posts"}],"about":[{"href":"https:\/\/contabilidadfamiliar.com\/index.php\/wp-json\/wp\/v2\/types\/post"}],"author":[{"embeddable":true,"href":"https:\/\/contabilidadfamiliar.com\/index.php\/wp-json\/wp\/v2\/users\/1"}],"replies":[{"embeddable":true,"href":"https:\/\/contabilidadfamiliar.com\/index.php\/wp-json\/wp\/v2\/comments?post=2138"}],"version-history":[{"count":0,"href":"https:\/\/contabilidadfamiliar.com\/index.php\/wp-json\/wp\/v2\/posts\/2138\/revisions"}],"wp:featuredmedia":[{"embeddable":true,"href":"https:\/\/contabilidadfamiliar.com\/index.php\/wp-json\/wp\/v2\/media\/2137"}],"wp:attachment":[{"href":"https:\/\/contabilidadfamiliar.com\/index.php\/wp-json\/wp\/v2\/media?parent=2138"}],"wp:term":[{"taxonomy":"category","embeddable":true,"href":"https:\/\/contabilidadfamiliar.com\/index.php\/wp-json\/wp\/v2\/categories?post=2138"},{"taxonomy":"post_tag","embeddable":true,"href":"https:\/\/contabilidadfamiliar.com\/index.php\/wp-json\/wp\/v2\/tags?post=2138"}],"curies":[{"name":"wp","href":"https:\/\/api.w.org\/{rel}","templated":true}]}}