{"id":2110,"date":"2026-07-22T03:35:27","date_gmt":"2026-07-22T03:35:27","guid":{"rendered":"https:\/\/contabilidadfamiliar.com\/index.php\/2026\/07\/22\/en-el-ultimo-ano-subio-el-empleo-minero-en-la-argentina-pero-cayo-la-cantidad-de-empresas\/"},"modified":"2026-07-22T03:35:27","modified_gmt":"2026-07-22T03:35:27","slug":"en-el-ultimo-ano-subio-el-empleo-minero-en-la-argentina-pero-cayo-la-cantidad-de-empresas","status":"publish","type":"post","link":"https:\/\/contabilidadfamiliar.com\/index.php\/2026\/07\/22\/en-el-ultimo-ano-subio-el-empleo-minero-en-la-argentina-pero-cayo-la-cantidad-de-empresas\/","title":{"rendered":"En el \u00faltimo a\u00f1o subi\u00f3 el empleo minero en la Argentina, pero cay\u00f3 la cantidad de empresas"},"content":{"rendered":" \n                                        <p><div class=\"extracted-content\"><div id=\"readability-page-1\" class=\"page\"><div> <span>La&nbsp;<a href=\"https:\/\/www.iprofesional.com\/energia\/456178-la-mineria-preve-un-boom-de-empleos-que-puestos-buscan-cubrir-las-empresas\" target=\"_blank\" title=\"actividad minera\" rel=\"noopener noreferrer\">actividad minera<\/a> en el pa\u00eds contabiliz\u00f3 un total de 993 empresas operativas, durante marzo, una&nbsp;<\/span><span>cifra que represent\u00f3 <strong>una disminuci\u00f3n interanual del 5,4%, lo que se traduce en la salida de 57 compa\u00f1\u00edas del registro sectorial<\/strong> respecto de marzo de 2025, de acuerdo a las \u00faltimas cifras de la Secrerar\u00eda de Miner\u00eda<\/span><span>. <\/span> <span>Sin embargo, de forma paralela a esta contracci\u00f3n en la cantidad de empresas, el <strong><a href=\"https:\/\/www.iprofesional.com\/energia\/446436-la-mineria-emplea-a-100000-personas-y-registra-un-crecimiento-sostenido-del-empleo\" target=\"_blank\" title=\"empleo directo\" rel=\"noopener noreferrer\">empleo directo<\/a><\/strong> formal mostr\u00f3 un sendero inverso<\/span><span><!----><!----><!----><!----><!----><!----><!----><!----><!----><!----><!----><!----><!----><!----><!----><!----><!----><!----><!----><!----><!----><!----><!----><!----><!----><!----><!----><!----><!----><!----><!----><!----><!----><!----><!----><!----><!----><!----><!----><!----><!----><!----><!----><!----><!----><!----><!----><!----><!----><sup><!----><\/sup><!----><!----><!----><!----><!----><!----><!----><!----><!----><!----><!----><!----><!----><!----><!----><!----><!----><!----><!----><!----><!----><!----><!----><!----><!----><!----><!----><!----><!----><!----><!----><!----><!----><!----><\/span><span>. <span>En el mismo per\u00edodo, la dotaci\u00f3n de personal alcanz\u00f3 los 40.141 puestos de trabajo, marcando un incremento interanual del 1,2% e incorporando 491 empleos netos a la industria<\/span><\/span><span><!----><!----><!----><!----><!----><!----><!----><!----><!----><!----><!----><!----><!----><!----><!----><!----><!----><!----><!----><!----><!----><!----><!----><!----><!----><!----><!----><!----><!----><!----><!----><!----><!----><!----><!----><!----><!----><!----><!----><!----><!----><!----><!----><!----><!----><!----><!----><!----><!----><sup><!----><\/sup><!----><!----><!----><!----><!----><!----><!----><!----><!----><!----><!----><!----><!----><!----><!----><!----><!----><!----><!----><!----><!----><!----><!----><!----><!----><!----><!----><!----><!----><!----><!----><!----><!----><!---->.<\/span> <!----><!----><!----><!----><!----><!----><!----><!----> <span>De acuerdo al Informe Mensual sobre <a href=\"https:\/\/www.iprofesional.com\/energia\/460143-vaca-muerta-el-litio-y-el-cobre-blindan-el-empleo-privado-de-las-provincias\" target=\"_blank\" title=\"Empleo Minero en Argentina\" rel=\"noopener noreferrer\">Empleo Minero en Argentina<\/a>, esta din\u00e1mica revela <strong>un proceso de concentraci\u00f3n del mercado laboral producto de la redefinici\u00f3n del sector<\/strong><\/span><span>. La masa salarial del sector privado minero, que explica el 0,6% del empleo total registrado en el pa\u00eds<\/span><span><!----><!----><!----><!----><!----><!----><!----><!----><!----><!----><!----><!----><!----><!----><!----><!----><!----><!----><!----><!----><!----><!----><!----><!----><!----><!----><!----><!----><!----><!----><!----><!----><!----><!----><!----><!----><!----><!----><!----><!----><!----><!----><!----><!----><!----><!----><!----><!----><!----><sup><!----><\/sup><!----><!----><!----><!----><!----><!----><!----><!----><!----><!----><!----><!----><!----><!----><!----><!----><!----><!----><!----><!----><!----><!----><!----><!----><!----><!----><!----><!----><!----><!----><!----><!----><!----><!----><\/span><span>, pas\u00f3 a absorber <strong>n\u00f3minas operativas de mayor escala por compa\u00f1\u00eda<\/strong><\/span><span><!----><!----><!----><!----><!----><!----><!----><!----><!----><!----><!----><!----><!----><!----><!----><!----><!----><!----><!----><!----><!----><!----><!----><!----><!----><!----><!----><!----><!----><!----><!----><!----><!----><!----><!----><!----><!----><!----><!----><!----><!----><!----><!----><!----><!----><!----><!----><!----><!----><sup><!----><\/sup><!----><!----><!----><!----><!----><!----><!----><!----><!----><!----><!----><!----><!----><!----><!----><!----><!----><!----><!----><!----><!----><!----><!----><!----><!----><!----><!----><!----><!----><!----><!----><!----><!----><!----><\/span><span>. <\/span> <span>En t\u00e9rminos globales, el tama\u00f1o medio de los establecimientos mineros se ubic\u00f3 en<strong> 40 empleados por empresa<\/strong><\/span><span><!----><!----><!----><!----><!----><!----><!----><!----><!----><!----><!----><!----><!----><!----><!----><!----><!----><!----><!----><!----><!----><!----><!----><!----><!----><!----><!----><!----><!----><!----><!----><!----><!----><!----><!----><!----><!----><!----><!----><!----><!----><!----><!----><!----><!----><!----><!----><!----><!----><sup><!----><\/sup><!----><!----><!----><!----><!----><!----><!----><!----><!----><!----><!----><!----><!----><!----><!----><!----><!----><!----><!----><!----><!----><!----><!----><!----><!----><!----><!----><!----><!----><!----><!----><!----><!----><!----><\/span><span>, con notables disparidades seg\u00fan la especificidad de la rama productiva<\/span><span><!----><!----><!----><!----><!----><!----><!----><!----><!----><!----><!----><!----><!----><!----><!----><!----><!----><!----><!----><!----><!----><!----><!----><!----><!----><!----><!----><!----><!----><!----><!----><!----><!----><!----><!----><!----><!----><!----><!----><!----><!----><!----><!----><!----><!----><!----><!----><!----><!----><sup><!----><\/sup><!----><!----><!----><!----><!----><!----><!----><!----><!----><!----><!----><!----><!----><!----><!----><!----><!----><!----><!----><!----><!----><!----><!----><!----><!----><!----><!----><!----><!----><!----><!----><!----><!----><!----><\/span><span>.<\/span> <!----><!----><!----><!----><!----><!----><!----><!----> <h2>Concentraci\u00f3n en el segmento metal\u00edfero y litio<\/h2> <span>La brecha entre el volumen de unidades econ\u00f3micas y el volumen de personal ocupado se acent\u00faa en los <a href=\"https:\/\/www.iprofesional.com\/energia\/455626-asi-sera-la-nueva-mineria-en-la-argentina-autonomia-digitalizacion-y-robots\" target=\"_blank\" title=\"segmentos metal\u00edferos\" rel=\"noopener noreferrer\">segmentos metal\u00edferos<\/a> de mayor escala de inversi\u00f3n<\/span><span><!----><!----><!----><!----><!----><!----><!----><!----><!----><!----><!----><!----><!----><!----><!----><!----><!----><!----><!----><!----><!----><!----><!----><!----><!----><!----><!----><!----><!----><!----><!----><!----><!----><!----><!----><!----><!----><!----><!----><!----><!----><!----><!----><!----><!----><!----><!----><!----><!----><sup><!----><\/sup><!----><!----><!----><!----><!----><!----><!----><!----><!----><!----><!----><!----><!----><!----><!----><!----><!----><!----><!----><!----><!----><!----><!----><!----><!----><!----><!----><!----><!----><!----><!----><!----><!----><!----><\/span><span>. <strong>La miner\u00eda de oro, plata y cobre congreg\u00f3 a marzo de 2026 apenas al 5,9% de las empresas del sector (59 compa\u00f1\u00edas)<\/strong><\/span><span><!----><!----><!----><!----><!----><!----><!----><!----><!----><!----><!----><!----><!----><!----><!----><!----><!----><!----><!----><!----><!----><!----><!----><!----><!----><!----><!----><!----><!----><!----><!----><!----><!----><!----><!----><!----><!----><!----><!----><!----><!----><!----><!----><!----><!----><!----><!----><!----><!----><sup><!----><\/sup><!----><!----><!----><!----><!----><!----><!----><!----><!----><!----><!----><!----><!----><!----><!----><!----><!----><!----><!----><!----><!----><!----><!----><!----><!----><!----><!----><!----><!----><!----><!----><!----><!----><!----><\/span><span>. <\/span> <span>No obstante, este grupo represent\u00f3 <strong>el 32,5% de la fuerza laboral minera total, sumando 13.026 trabajadores formales<\/strong><\/span><span><!----><!----><!----><!----><!----><!----><!----><!----><!----><!----><!----><!----><!----><!----><!----><!----><!----><!----><!----><!----><!----><!----><!----><!----><!----><!----><!----><!----><!----><!----><!----><!----><!----><!----><!----><!----><!----><!----><!----><!----><!----><!----><!----><!----><!----><!----><!----><!----><!----><sup><!----><\/sup><!----><!----><!----><!----><!----><!----><!----><!----><!----><!----><!----><!----><!----><!----><!----><!----><!----><!----><!----><!----><!----><!----><!----><!----><!----><!----><!----><!----><!----><!----><!----><!----><!----><!----><\/span><span>. El rubro registr\u00f3 una ca\u00edda interanual del 4,8% en el n\u00famero de prestadores (3 firmas menos)<\/span><span><!----><!----><!----><!----><!----><!----><!----><!----><!----><!----><!----><!----><!----><!----><!----><!----><!----><!----><!----><!----><!----><!----><!----><!----><!----><!----><!----><!----><!----><!----><!----><!----><!----><!----><!----><!----><!----><!----><!----><!----><!----><!----><!----><!----><!----><!----><!----><!----><!----><sup><!----><\/sup><!----><!----><!----><!----><!----><!----><!----><!----><!----><!----><!----><!----><!----><!----><!----><!----><!----><!----><!----><!----><!----><!----><!----><!----><!----><!----><!----><!----><!----><!----><!----><!----><!----><!----><\/span><span>, pero lider\u00f3 la creaci\u00f3n neta de mano de obra con una suba del 6,6% (808 nuevos puestos)<\/span><span><!----><!----><!----><!----><!----><!----><!----><!----><!----><!----><!----><!----><!----><!----><!----><!----><!----><!----><!----><!----><!----><!----><!----><!----><!----><!----><!----><!----><!----><!----><!----><!----><!----><!----><!----><!----><!----><!----><!----><!----><!----><!----><!----><!----><!----><!----><!----><!----><!----><sup><!----><\/sup><!----><!----><!----><!----><!----><!----><!----><!----><!----><!----><!----><!----><!----><!----><!----><!----><!----><!----><!----><!----><!----><!----><!----><!----><!----><!----><!----><!----><!----><!----><!----><!----><!----><!----><\/span><span>. <\/span> <span>En este segmento, la escala promedio asciende a 221 dependientes por empresa, aunque 12 compa\u00f1\u00edas concentran el 82% del empleo total de la actividad, promediando 891 trabajadores por unidad productiva<!----><!----><!----><!----><!----><!----><!----><!----><!----><!----><!----><!----><!----><!----><!----><!----><!----><!----><!----><!----><!----><!----><!----><!----><!----><!----><!----><!----><!----><!----><!----><!----><!----><!----><!----><!----><!----><!----><!----><!----><!----><!----><!----><!----><!----><!----><!----><!----><!----><sup><!----><\/sup><!----><!----><!----><!----><!----><!----><!----><!----><!----><!----><!----><!----><!----><!----><!----><!----><!----><!----><!----><!----><!----><!----><!----><!----><!----><!----><!----><!----><!----><!----><!----><!----><!----><!---->. <\/span><!----><!----><!----><!----><!----><!----><!----><!----> <span>En el <a href=\"https:\/\/www.iprofesional.com\/energia\/459495-el-litio-es-la-nueva-estrella-exportadora-crecio-218-en-dolares-y-60-en-volumenes\" target=\"_blank\" rel=\"noopener noreferrer\">segmento del litio<\/a> se constata una configuraci\u00f3n similar<\/span><span><!----><!----><!----><!----><!----><!----><!----><!----><!----><!----><!----><!----><!----><!----><!----><!----><!----><!----><!----><!----><!----><!----><!----><!----><!----><!----><!----><!----><!----><!----><!----><!----><!----><!----><!----><!----><!----><!----><!----><!----><!----><!----><!----><!----><!----><!----><!----><!----><!----><sup><!----><\/sup><!----><!----><!----><!----><!----><!----><!----><!----><!----><!----><!----><!----><!----><!----><!----><!----><!----><!----><!----><!----><!----><!----><!----><!----><!----><!----><!----><!----><!----><!----><!----><!----><!----><!----><\/span><span>. <strong>Con 24 empresas registradas (2,4% del total)<\/strong><\/span><strong><!----><!----><!----><!----><!----><!----><!----><!----><!----><!----><!----><!----><!----><!----><!----><!----><!----><!----><!----><!----><!----><!----><!----><!----><!----><!----><!----><!----><!----><!----><!----><!----><!----><!----><!----><!----><!----><!----><!----><!----><!----><!----><!----><!----><!----><!----><!----><!----><!----><sup><!----><\/sup><!----><!----><!----><!----><!----><!----><!----><!----><!----><!----><!----><!----><!----><!----><!----><!----><!----><!----><!----><!----><!----><!----><!----><!----><!----><!----><!----><!----><!----><!----><!----><!----><!----><!---->, la rama ocup\u00f3 a 5.382 trabajadores (13,4% del empleo minero)<\/strong><span><!----><!----><!----><!----><!----><!----><!----><!----><!----><!----><!----><!----><!----><!----><!----><!----><!----><!----><!----><!----><!----><!----><!----><!----><!----><!----><!----><!----><!----><!----><!----><!----><!----><!----><!----><!----><!----><!----><!----><!----><!----><!----><!----><!----><!----><!----><!----><!----><!----><sup><!----><\/sup><!----><!----><!----><!----><!----><!----><!----><!----><!----><!----><!----><!----><!----><!----><!----><!----><!----><!----><!----><!----><!----><!----><!----><!----><!----><!----><!----><!----><!----><!----><!----><!----><!----><!----><\/span><span>, tras registrar un aumento interanual del 6,5% en sus n\u00f3minas (327 empleos adicionales)<\/span><span><!----><!----><!----><!----><!----><!----><!----><!----><!----><!----><!----><!----><!----><!----><!----><!----><!----><!----><!----><!----><!----><!----><!----><!----><!----><!----><!----><!----><!----><!----><!----><!----><!----><!----><!----><!----><!----><!----><!----><!----><!----><!----><!----><!----><!----><!----><!----><!----><!----><sup><!----><\/sup><!----><!----><!----><!----><!----><!----><!----><!----><!----><!----><!----><!----><!----><!----><!----><!----><!----><!----><!----><!----><!----><!----><!----><!----><!----><!----><!----><!----><!----><!----><!----><!----><!----><!----><\/span><span>. <\/span> <span>La densidad laboral en esta actividad <strong>promedia los 224 empleados por compa\u00f1\u00eda<\/strong>, registr\u00e1ndose una alta concentraci\u00f3n donde 9 firmas re\u00fanen el 94% del personal de la especialidad, con una media de 562 asalariados por firma<\/span><span><!----><!----><!----><!----><!----><!----><!----><!----><!----><!----><!----><!----><!----><!----><!----><!----><!----><!----><!----><!----><!----><!----><!----><!----><!----><!----><!----><!----><!----><!----><!----><!----><!----><!----><!----><!----><!----><!----><!----><!----><!----><!----><!----><!----><!----><!----><!----><!----><!----><sup><!----><\/sup><!----><!----><!----><!----><!----><!----><!----><!----><!----><!----><!----><!----><!----><!----><!----><!----><!----><!----><!----><!----><!----><!----><!----><!----><!----><!----><!----><!----><!----><!----><!----><!----><!----><!----><\/span><span>.<\/span> <!----><!----><!----><!----><!----><!----><!----><!----> <span>En contraste, la prestaci\u00f3n de servicios mineros representa la mayor porci\u00f3n de empresas pero con n\u00f3minas atomizadas<!----><!----><!----><!----><!----><!----><!----><!----><!----><!----><!----><!----><!----><!----><!----><!----><!----><!----><!----><!----><!----><!----><!----><!----><!----><!----><!----><!----><!----><!----><!----><!----><!----><!----><!----><!----><!----><!----><!----><!----><!----><!----><!----><!----><!----><!----><!----><!----><!----><sup><!----><\/sup><!----><!----><!----><!----><!----><!----><!----><!----><!----><!----><!----><!----><!----><!----><!----><!----><!----><!----><!----><!----><!----><!----><!----><!----><!----><!----><!----><!----><!----><!----><!----><!----><!----><!---->. Este rubro congreg\u00f3 a 333 compa\u00f1\u00edas (33,5% del entramado corporativo minero)<!----><!----><!----><!----><!----><!----><!----><!----><!----><!----><!----><!----><!----><!----><!----><!----><!----><!----><!----><!----><!----><!----><!----><!----><!----><!----><!----><!----><!----><!----><!----><!----><!----><!----><!----><!----><!----><!----><!----><!----><!----><!----><!----><!----><!----><!----><!----><!----><!----><sup><!----><\/sup><!----><!----><!----><!----><!----><!----><!----><!----><!----><!----><!----><!----><!----><!----><!----><!----><!----><!----><!----><!----><!----><!----><!----><!----><!----><!----><!----><!----><!----><!----><!----><!----><!----><!----> y dio ocupaci\u00f3n a 9.017 operarios (22,5% del total sectorial)<\/span><span><!----><!----><!----><!----><!----><!----><!----><!----><!----><!----><!----><!----><!----><!----><!----><!----><!----><!----><!----><!----><!----><!----><!----><!----><!----><!----><!----><!----><!----><!----><!----><!----><!----><!----><!----><!----><!----><!----><!----><!----><!----><!----><!----><!----><!----><!----><!----><!----><!----><sup><!----><\/sup><!----><!----><!----><!----><!----><!----><!----><!----><!----><!----><!----><!----><!----><!----><!----><!----><!----><!----><!----><!----><!----><!----><!----><!----><!----><!----><!----><!----><!----><!----><!----><!----><!----><!----><\/span><span>, reflejando una <strong>leve ca\u00edda interanual del 0,9%<\/strong> en el personal y un promedio de 27 empleados por entidad<\/span><span><!----><!----><!----><!----><!----><!----><!----><!----><!----><!----><!----><!----><!----><!----><!----><!----><!----><!----><!----><!----><!----><!----><!----><!----><!----><!----><!----><!----><!----><!----><!----><!----><!----><!----><!----><!----><!----><!----><!----><!----><!----><!----><!----><!----><!----><!----><!----><!----><!----><sup><!----><\/sup><!----><!----><!----><!----><!----><!----><!----><!----><!----><!----><!----><!----><!----><!----><!----><!----><!----><!----><!----><!----><!----><!----><!----><!----><!----><!----><!----><!----><!----><!----><!----><!----><!----><!----><\/span><span>. <\/span> <span>Por su parte, la extracci\u00f3n de <strong>rocas de aplicaci\u00f3n reuni\u00f3 a 326 empresas (32,8% del total)<\/strong><\/span><strong><!----><!----><!----><!----><!----><!----><!----><!----><!----><!----><!----><!----><!----><!----><!----><!----><!----><!----><!----><!----><!----><!----><!----><!----><!----><!----><!----><!----><!----><!----><!----><!----><!----><!----><!----><!----><!----><!----><!----><!----><!----><!----><!----><!----><!----><!----><!----><!----><!----><sup><!----><\/sup><!----><!----><!----><!----><!----><!----><!----><!----><!----><!----><!----><!----><!----><!----><!----><!----><!----><!----><!----><!----><!----><!----><!----><!----><!----><!----><!----><!----><!----><!----><!----><!----><!----><!----> y 5.509 puestos (13,7% del total)<\/strong><span><!----><!----><!----><!----><!----><!----><!----><!----><!----><!----><!----><!----><!----><!----><!----><!----><!----><!----><!----><!----><!----><!----><!----><!----><!----><!----><!----><!----><!----><!----><!----><!----><!----><!----><!----><!----><!----><!----><!----><!----><!----><!----><!----><!----><!----><!----><!----><!----><!----><sup><!----><\/sup><!----><!----><!----><!----><!----><!----><!----><!----><!----><!----><!----><!----><!----><!----><!----><!----><!----><!----><!----><!----><!----><!----><!----><!----><!----><!----><!----><!----><!----><!----><!----><!----><!----><!----><\/span><span>, acusando un retroceso interanual del 5,2% en sus plantillas y un promedio de 17 operarios por compa\u00f1\u00eda<\/span><span><!----><!----><!----><!----><!----><!----><!----><!----><!----><!----><!----><!----><!----><!----><!----><!----><!----><!----><!----><!----><!----><!----><!----><!----><!----><!----><!----><!----><!----><!----><!----><!----><!----><!----><!----><!----><!----><!----><!----><!----><!----><!----><!----><!----><!----><!----><!----><!----><!----><sup><!----><\/sup><!----><!----><!----><!----><!----><!----><!----><!----><!----><!----><!----><!----><!----><!----><!----><!----><!----><!----><!----><!----><!----><!----><!----><!----><!----><!----><!----><!----><!----><!----><!----><!----><!----><!----><\/span><span>.<\/span> <!----><!----><!----><!----><!----><!----><!----><!----> <h2>Distribuci\u00f3n territorial del empleo<\/h2> <span>El comportamiento del empleo present\u00f3 din\u00e1micas heterog\u00e9neas seg\u00fan las jurisdicciones subnacionales<\/span><span><!----><!----><!----><!----><!----><!----><!----><!----><!----><!----><!----><!----><!----><!----><!----><!----><!----><!----><!----><!----><!----><!----><!----><!----><!----><!----><!----><!----><!----><!----><!----><!----><!----><!----><!----><!----><!----><!----><!----><!----><!----><!----><!----><!----><!----><!----><!----><!----><!----><sup><!----><\/sup><!----><!----><!----><!----><!----><!----><!----><!----><!----><!----><!----><!----><!----><!----><!----><!----><!----><!----><!----><!----><!----><!----><!----><!----><!----><!----><!----><!----><!----><!----><!----><!----><!----><!----><\/span><span>. <strong>Siete provincias explicaron el 82,1% del total <\/strong>de las n\u00f3minas mineras en marzo de 2026, revel\u00f3 el informe de la Secretar\u00eda de Miner\u00eda<\/span><span>. <\/span> <span><strong>Santa Cruz encabez\u00f3 la distribuci\u00f3n geogr\u00e1fica con 8.887 puestos registrados<\/strong><!---->, evidenciando un crecimiento del 3,1% interanual<strong>.<\/strong> Le sigui\u00f3 San Juan con 5.579 trabajadores y una expansi\u00f3n interanual del 8,4%<\/span><span><!----><!----><!----><!----><!----><!----><!----><!----><!----><!----><!----><!----><!----><!----><!----><!----><!----><!----><!----><!----><!----><!----><!----><!----><!----><!----><!----><!----><!----><!----><!----><!----><!----><!----><!----><!----><!----><!----><!----><!----><!----><!----><!----><!----><!----><!----><!----><!----><!----><sup><!----><\/sup><!----><!----><!----><!----><!----><!----><!----><!----><!----><!----><!----><!----><!----><!----><!----><!----><!----><!----><!----><!----><!----><!----><!----><!----><!----><!----><!----><!----><!----><!----><!----><!----><!----><!----><\/span><span>. Entre ambas provincias concentran el 36,0% del empleo minero del pa\u00eds<\/span><span><!----><!----><!----><!----><!----><!----><!----><!----><!----><!----><!----><!----><!----><!----><!----><!----><!----><!----><!----><!----><!----><!----><!----><!----><!----><!----><!----><!----><!----><!----><!----><!----><!----><!----><!----><!----><!----><!----><!----><!----><!----><!----><!----><!----><!----><!----><!----><!----><!----><sup><!----><\/sup><!----><!----><!----><!----><!----><!----><!----><!----><!----><!----><!----><!----><!----><!----><!----><!----><!----><!----><!----><!----><!----><!----><!----><!----><!----><!----><!----><!----><!----><!----><!----><!----><!----><!----><\/span><span>.<\/span> <!----><!----><!----><!----><!----><!----><!----><!----> <span>En las provincias que integran la regi\u00f3n del <strong>Noroeste Argentino (NOA)<\/strong>, vinculadas fuertemente al desarrollo cada vez m\u00e1s importante del litio y a proyectos metal\u00edferos, la ocupaci\u00f3n sum\u00f3 12.520 trabajadores (31,2% del total nacional)<\/span><span><!----><!----><!----><!----><!----><!----><!----><!----><!----><!----><!----><!----><!----><!----><!----><!----><!----><!----><!----><!----><!----><!----><!----><!----><!----><!----><!----><!----><!----><!----><!----><!----><!----><!----><!----><!----><!----><!----><!----><!----><!----><!----><!----><!----><!----><!----><!----><!----><!----><sup><!----><\/sup><!----><!----><!----><!----><!----><!----><!----><!----><!----><!----><!----><!----><!----><!----><!----><!----><!----><!----><!----><!----><!----><!----><!----><!----><!----><!----><!----><!----><!----><!----><!----><!----><!----><!----><\/span><span>. <\/span> <strong>Salta contabiliz\u00f3 5.569 operarios, pese a presentar un descenso interanual del 5,7%<\/strong><span><!----><!----><!----><!----><!----><!----><!----><!----><!----><!----><!----><!----><!----><!----><!----><!----><!----><!----><!----><!----><!----><!----><!----><!----><!----><!----><!----><!----><!----><!----><!----><!----><!----><!----><!----><!----><!----><!----><!----><!----><!----><!----><!----><!----><!----><!----><!----><!----><!----><sup><!----><\/sup><!----><!----><!----><!----><!----><!----><!----><!----><!----><!----><!----><!----><!----><!----><!----><!----><!----><!----><!----><!----><!----><!----><!----><!----><!----><!----><!----><!----><!----><!----><!----><!----><!----><!----><\/span><span>; Jujuy registr\u00f3 3.538 empleados (-0,9% i.a.)<\/span><span><!----><!----><!----><!----><!----><!----><!----><!----><!----><!----><!----><!----><!----><!----><!----><!----><!----><!----><!----><!----><!----><!----><!----><!----><!----><!----><!----><!----><!----><!----><!----><!----><!----><!----><!----><!----><!----><!----><!----><!----><!----><!----><!----><!----><!----><!----><!----><!----><!----><sup><!----><\/sup><!----><!----><!----><!----><!----><!----><!----><!----><!----><!----><!----><!----><!----><!----><!----><!----><!----><!----><!----><!----><!----><!----><!----><!----><!----><!----><!----><!----><!----><!----><!----><!----><!----><!----><\/span><span>; mientras que Catamarca evidenci\u00f3 el mayor incremento interanual del pa\u00eds con una suba del 21,9%, alcanzando los 3.413 puestos directos<\/span><span><!----><!----><!----><!----><!----><!----><!----><!----><!----><!----><!----><!----><!----><!----><!----><!----><!----><!----><!----><!----><!----><!----><!----><!----><!----><!----><!----><!----><!----><!----><!----><!----><!----><!----><!----><!----><!----><!----><!----><!----><!----><!----><!----><!----><!----><!----><!----><!----><!----><sup><!----><\/sup><!----><!----><!----><!----><!----><!----><!----><!----><!----><!----><!----><!----><!----><!----><!----><!----><!----><!----><!----><!----><!----><!----><!----><!----><!----><!----><!----><!----><!----><!----><!----><!----><!----><!----><\/span><span>.<\/span> <!----><!----><!----><!----><!----><!----><!----><!----> <h2><span>La presencia de la mujer en la miner\u00eda<\/span><\/h2> <span>Asimismo, las mediciones revelan un incremento en la participaci\u00f3n de la mujer dentro de la n\u00f3mina minera<\/span><span><!----><!----><!----><!----><!----><!----><!----><!----><!----><!----><!----><!----><!----><!----><!----><!----><!----><!----><!----><!----><!----><!----><!----><!----><!----><!----><!----><!----><!----><!----><!----><!----><!----><!----><!----><!----><!----><!----><!----><!----><!----><!----><!----><!----><!----><!----><!----><!----><!----><sup><!----><\/sup><!----><!----><!----><!----><!----><!----><!----><!----><!----><!----><!----><!----><!----><!----><!----><!----><!----><!----><!----><!----><!----><!----><!----><!----><!----><!----><!----><!----><!----><!----><!----><!----><!----><!----><\/span><span>. En marzo de 2026,<strong> la ocupaci\u00f3n femenina totaliz\u00f3 5.312 puestos de trabajo<\/strong><\/span><strong><!----><!----><!----><!----><!----><!----><!----><!----><!----><!----><!----><!----><!----><!----><!----><!----><!----><!----><!----><!----><!----><!----><!----><!----><!----><!----><!----><!----><!----><!----><!----><!----><!----><!----><!----><!----><!----><!----><!----><!----><!----><!----><!----><!----><!----><!----><!----><!----><!----><sup><!----><\/sup><!----><!----><!----><!----><!----><!----><!----><!----><!----><!----><!----><!----><!----><!----><!----><!----><!----><!----><!----><!----><!----><!----><!----><!----><!----><!----><!----><!----><!----><!----><!----><!----><!----><!----><\/strong><span><strong>, representando el 13,2% de la fuerza laboral<\/strong> directa del sector<\/span><span><!----><!----><!----><!----><!----><!----><!----><!----><!----><!----><!----><!----><!----><!----><!----><!----><!----><!----><!----><!----><!----><!----><!----><!----><!----><!----><!----><!----><!----><!----><!----><!----><!----><!----><!----><!----><!----><!----><!----><!----><!----><!----><!----><!----><!----><!----><!----><!----><!----><sup><!----><\/sup><!----><!----><!----><!----><!----><!----><!----><!----><!----><!----><!----><!----><!----><!----><!----><!----><!----><!----><!----><!----><!----><!----><!----><!----><!----><!----><!----><!----><!----><!----><!----><!----><!----><!----><\/span><span>. <\/span> <span>La variaci\u00f3n implica <strong>un crecimiento interanual del 4,6% en el empleo femenino (236 puestos adicionales)<\/strong><\/span><span><!----><!----><!----><!----><!----><!----><!----><!----><!----><!----><!----><!----><!----><!----><!----><!----><!----><!----><!----><!----><!----><!----><!----><!----><!----><!----><!----><!----><!----><!----><!----><!----><!----><!----><!----><!----><!----><!----><!----><!----><!----><!----><!----><!----><!----><!----><!----><!----><!----><sup><!----><\/sup><!----><!----><!----><!----><!----><!----><!----><!----><!----><!----><!----><!----><!----><!----><!----><!----><!----><!----><!----><!----><!----><!----><!----><!----><!----><!----><!----><!----><!----><!----><!----><!----><!----><!----><\/span><span>, cifra que contrast\u00f3 con el incremento del 0,7% registrado en el empleo masculino (255 puestos)<\/span><span><!----><!----><!----><!----><!----><!----><!----><!----><!----><!----><!----><!----><!----><!----><!----><!----><!----><!----><!----><!----><!----><!----><!----><!----><!----><!----><!----><!----><!----><!----><!----><!----><!----><!----><!----><!----><!----><!----><!----><!----><!----><!----><!----><!----><!----><!----><!----><!----><!----><sup><!----><\/sup><!----><!----><!----><!----><!----><!----><!----><!----><!----><!----><!----><!----><!----><!----><!----><!----><!----><!----><!----><!----><!----><!----><!----><!----><!----><!----><!----><!----><!----><!----><!----><!----><!----><!----><\/span><span>. <span>La miner\u00eda metal\u00edfera explic\u00f3 la mayor absorci\u00f3n de mano de obra femenina con 1.819 trabajadoras<\/span><\/span><span><!----><!----><!----><!----><!----><!----><!----><!----><!----><!----><!----><!----><!----><!----><!----><!----><!----><!----><!----><!----><!----><!----><!----><!----><!----><!----><!----><!----><!----><!----><!----><!----><!----><!----><!----><!----><!----><!----><!----><!----><!----><!----><!----><!----><!----><!----><!----><!----><!----><sup><!----><\/sup><!----><!----><!----><!----><!----><!----><!----><!----><!----><!----><!----><!----><!----><!----><!----><!----><!----><!----><!----><!----><!----><!----><!----><!----><!----><!----><!----><!----><!----><!----><!----><!----><!----><!---->, en tanto que el rubro del litio present\u00f3 la mayor tasa de feminizaci\u00f3n laboral, alcanzando una participaci\u00f3n de la mujer del 20,6% sobre el total de sus n\u00f3minas<!----><!----><!----><!----><!----><!----><!----><!----><!----><!----><!----><!----><!----><!----><!----><!----><!----><!----><!----><!----><!----><!----><!----><!----><!----><!----><!----><!----><!----><!----><!----><!----><!----><!----><!----><!----><!----><!----><!----><!----><!----><!----><!----><!----><!----><!----><!----><!----><!----><sup><!----><\/sup><!----><!----><!----><!----><!----><!----><!----><!----><!----><!----><!----><!----><!----><!----><!----><!----><!----><!----><!----><!----><!----><!----><!----><!----><!----><!----><!----><!----><!----><!----><!----><!----><!----><!---->.<\/span> <span><span>Adem\u00e1s del panorama nacional y la concentraci\u00f3n por rubros, los datos desagregados del informe muestran <strong>comportamientos espec\u00edficos en la regi\u00f3n Pampeana<\/strong> y en los segmentos de menor escala productiva<span><!----><!----><!----><!----><!----><!----><!----><!----><!----><!----><!----><!----><!----><!----><!----><!----><!----><!----><!----><!----><!----><!----><!----><!----><!----><!----><!----><!----><!----><!----><!----><!----><!----><!----><!----><!----><!----><!----><!----><!----><!----><!----><!----><!----><!----><!----><!----><!----><!----><sup><!----><\/sup><!----><!----><!----><!----><!----><!----><!----><!----><!----><!----><!----><!----><!----><!----><!----><!----><!----><!----><!----><!----><!----><!----><!----><!----><!----><!----><!----><!----><!----><!----><!----><!----><!----><!----><\/span>. <\/span><\/span> <span><span>En las provincias de <strong>Buenos Aires y C\u00f3rdoba<\/strong>, vinculadas prioritariamente a la extracci\u00f3n de rocas de aplicaci\u00f3n y minerales no metal\u00edferos, la ocupaci\u00f3n minera sum\u00f3 3.945 y 2.017 puestos de trabajo formales, respectivamente<span><!----><!----><!----><!----><!----><!----><!----><!----><!----><!----><!----><!----><!----><!----><!----><!----><!----><!----><!----><!----><!----><!----><!----><!----><!----><!----><!----><!----><!----><!----><!----><!----><!----><!----><!----><!----><!----><!----><!----><!----><!----><!----><!----><!----><!----><!----><!----><!----><!----><sup><!----><\/sup><!----><!----><!----><!----><!----><!----><!----><!----><!----><!----><!----><!----><!----><!----><!----><!----><!----><!----><!----><!----><!----><!----><!----><!----><!----><!----><!----><!----><!----><!----><!----><!----><!----><!----><\/span>.<\/span><\/span> <span><span><strong>La masa laboral de ambas jurisdicciones concentr\u00f3 el 14,9% del total del pa\u00eds<\/strong>, registrando variaciones interanuales dispares: mientras C\u00f3rdoba experiment\u00f3 un crecimiento del 1,9%, la provincia de Buenos Aires mostr\u00f3 un leve retroceso del 0,8% en sus n\u00f3minas<span><!----><!----><!----><!----><!----><!----><!----><!----><!----><!----><!----><!----><!----><!----><!----><!----><!----><!----><!----><!----><!----><!----><!----><!----><!----><!----><!----><!----><!----><!----><!----><!----><!----><!----><!----><!----><!----><!----><!----><!----><!----><!----><!----><!----><!----><!----><!----><!----><!----><sup><!----><\/sup><!----><!----><!----><!----><!----><!----><!----><!----><!----><!----><!----><!----><!----><!----><!----><!----><!----><!----><!----><!----><!----><!----><!----><!----><!----><!----><!----><!----><!----><!----><!----><!----><!----><!----><\/span>.<\/span><\/span> <\/div><\/div><\/div><\/p>\n                                        \n                                        \n                                        <p>Fuente: <a href=\"https:\/\/www.iprofesional.com\/energia\/460493-en-ultimo-ano-subio-empleo-minero-en-argentina-pero-cayo-cantidad-de-empresas\">Enlace original<\/a><\/p>\n                                        ","protected":false},"excerpt":{"rendered":"<p>La&nbsp;actividad minera en el pa\u00eds contabiliz\u00f3 un total de 993 empresas operativas, durante marzo, una&nbsp;cifra que represent\u00f3 una disminuci\u00f3n interanual del 5,4%, lo que se traduce en la salida de 57 compa\u00f1\u00edas del registro sectorial respecto de marzo de 2025, de acuerdo a las \u00faltimas cifras de la Secrerar\u00eda de Miner\u00eda. Sin embargo, de forma [&hellip;]<\/p>\n","protected":false},"author":1,"featured_media":820,"comment_status":"open","ping_status":"","sticky":false,"template":"template-ancho-completo.php","format":"standard","meta":{"content-type":"","footnotes":"","jetpack_publicize_message":"","jetpack_publicize_feature_enabled":true,"jetpack_social_post_already_shared":true,"jetpack_social_options":{"image_generator_settings":{"template":"highway","default_image_id":0,"font":"","enabled":false},"version":2}},"categories":[58],"tags":[],"class_list":["post-2110","post","type-post","status-publish","format-standard","has-post-thumbnail","hentry","category-iprofessional"],"aioseo_notices":[],"jetpack_publicize_connections":[],"_links":{"self":[{"href":"https:\/\/contabilidadfamiliar.com\/index.php\/wp-json\/wp\/v2\/posts\/2110","targetHints":{"allow":["GET"]}}],"collection":[{"href":"https:\/\/contabilidadfamiliar.com\/index.php\/wp-json\/wp\/v2\/posts"}],"about":[{"href":"https:\/\/contabilidadfamiliar.com\/index.php\/wp-json\/wp\/v2\/types\/post"}],"author":[{"embeddable":true,"href":"https:\/\/contabilidadfamiliar.com\/index.php\/wp-json\/wp\/v2\/users\/1"}],"replies":[{"embeddable":true,"href":"https:\/\/contabilidadfamiliar.com\/index.php\/wp-json\/wp\/v2\/comments?post=2110"}],"version-history":[{"count":0,"href":"https:\/\/contabilidadfamiliar.com\/index.php\/wp-json\/wp\/v2\/posts\/2110\/revisions"}],"wp:featuredmedia":[{"embeddable":true,"href":"https:\/\/contabilidadfamiliar.com\/index.php\/wp-json\/wp\/v2\/media\/820"}],"wp:attachment":[{"href":"https:\/\/contabilidadfamiliar.com\/index.php\/wp-json\/wp\/v2\/media?parent=2110"}],"wp:term":[{"taxonomy":"category","embeddable":true,"href":"https:\/\/contabilidadfamiliar.com\/index.php\/wp-json\/wp\/v2\/categories?post=2110"},{"taxonomy":"post_tag","embeddable":true,"href":"https:\/\/contabilidadfamiliar.com\/index.php\/wp-json\/wp\/v2\/tags?post=2110"}],"curies":[{"name":"wp","href":"https:\/\/api.w.org\/{rel}","templated":true}]}}