{"id":2108,"date":"2026-07-22T03:27:12","date_gmt":"2026-07-22T03:27:12","guid":{"rendered":"https:\/\/contabilidadfamiliar.com\/index.php\/2026\/07\/22\/cuando-es-la-velada-del-ano-6-y-con-que-famoso-periodista-peleara-gaston-edul\/"},"modified":"2026-07-22T03:27:12","modified_gmt":"2026-07-22T03:27:12","slug":"cuando-es-la-velada-del-ano-6-y-con-que-famoso-periodista-peleara-gaston-edul","status":"publish","type":"post","link":"https:\/\/contabilidadfamiliar.com\/index.php\/2026\/07\/22\/cuando-es-la-velada-del-ano-6-y-con-que-famoso-periodista-peleara-gaston-edul\/","title":{"rendered":"Cu\u00e1ndo es La Velada del A\u00f1o 6 y con qu\u00e9 famoso periodista pelear\u00e1 Gast\u00f3n Edul"},"content":{"rendered":" \n                                        <p><div class=\"extracted-content\"><div id=\"readability-page-1\" class=\"page\"><div>  El evento promete romper todos los r\u00e9cords del streaming mundial. Habr\u00e1 varios peladores argentinos, entre los que se destaca el cronista de la Selecci\u00f3n  <strong>21\/07\/2026<\/strong> &#8211; 22:15hs <div> <picture> <source type=\"image\/webp\" media=\"(max-width: 642px)\" srcset=\"https:\/\/resizer.iproimg.com\/unsafe\/384x\/filters:format(webp):quality(75):max_bytes(102400)\/https:\/\/assets.iprofesional.com\/assets\/jpg\/2026\/07\/622150.jpg 384w, https:\/\/resizer.iproimg.com\/unsafe\/512x\/filters:format(webp):quality(75):max_bytes(102400)\/https:\/\/assets.iprofesional.com\/assets\/jpg\/2026\/07\/622150.jpg 512w, https:\/\/resizer.iproimg.com\/unsafe\/640x\/filters:format(webp):quality(75):max_bytes(102400)\/https:\/\/assets.iprofesional.com\/assets\/jpg\/2026\/07\/622150.jpg 640w\" sizes=\"100vw\"> <source type=\"image\/webp\" media=\"(min-width: 642.01px) and (max-width: 1270px)\" srcset=\"https:\/\/resizer.iproimg.com\/unsafe\/614x\/filters:format(webp):quality(75):max_bytes(102400)\/https:\/\/assets.iprofesional.com\/assets\/jpg\/2026\/07\/622150.jpg 614w\" sizes=\"614px\"> <source type=\"image\/webp\" media=\"(min-width: 1270.01px) and (max-width: 1898px)\" srcset=\"https:\/\/resizer.iproimg.com\/unsafe\/928x\/filters:format(webp):quality(75):max_bytes(102400)\/https:\/\/assets.iprofesional.com\/assets\/jpg\/2026\/07\/622150.jpg 928w\" sizes=\"928px\"> <source type=\"image\/webp\" media=\"(min-width: 1898.01px)\" srcset=\"https:\/\/resizer.iproimg.com\/unsafe\/1270x\/filters:format(webp):quality(75):max_bytes(102400)\/https:\/\/assets.iprofesional.com\/assets\/jpg\/2026\/07\/622150.jpg 1270w\" sizes=\"1270px\"> <\/picture> <\/div> <\/div><div> El fen\u00f3meno global que combina <strong>boxeo amateur<\/strong>, producci\u00f3n de entretenimiento y m\u00e9tricas r\u00e9cord de audiencia digital calienta motores para una de sus ediciones m\u00e1s ambiciosas. La propuesta creada por el reconocido generador de contenido <strong>Ibai Llanos<\/strong> volver\u00e1 a congregar a millones de espectadores frente a las pantallas para presenciar una jornada repleta de cruces deportivos entre destacadas figuras de las redes sociales, la m\u00fasica y el periodismo internacional en <a href=\"https:\/\/www.iprofesional.com\/recreo\/460459-la-reventa-para-la-velada-del-ano-6-se-dispara-y-piden-precios-increibles-por-una-entrada\" target=\"_blank\" title=\"La reventa para La Velada del A\u00f1o 6 se dispara y piden precios incre\u00edbles por una entrada\" rel=\"noopener noreferrer\"><strong>La Velada del A\u00f1o 6<\/strong><\/a>, que se desarrollar\u00e1 este fin de semana en Espa\u00f1a. Entre la lista de enfrentamientos confirmados para esta nueva entrega, la delegaci\u00f3n argentina tendr\u00e1 una presencia protag\u00f3nica sobre el cuadril\u00e1tero. Sin embargo, una de las peleas que gener\u00f3 mayor expectativa dentro de las plataformas digitales es el cruce medi\u00e1tico que protagonizar\u00e1 <strong>Gast\u00f3n Edul<\/strong>, el cronista de TyC Sports especializado en la cobertura de la Selecci\u00f3n Argentina de f\u00fatbol, quien acept\u00f3 el desaf\u00edo de cambiar de rol e iniciar un proceso intensivo de preparaci\u00f3n f\u00edsica. Este compromiso deportivo exigi\u00f3 una log\u00edstica particular para el profesional argentino, ya que debi\u00f3 combinar exigentes rutinas de entrenamiento con la cobertura del Mundial de f\u00fatbol que acaba de terminar. Tras finalizar su labor en territorio americano, el comunicador encarar\u00e1 la recta final de su puesta a punto para subirse al ring en tierras europeas y representar al pa\u00eds en un choque de alto voltaje simb\u00f3lico. <h2>Fecha, sede y horario de inicio en Argentina<\/h2> El megaevento organizado por el streamer espa\u00f1ol se llevar\u00e1 a cabo el pr\u00f3ximo <strong>s\u00e1bado 25 de julio<\/strong> en el <strong>Estadio La Cartuja<\/strong> de la ciudad de <strong>Sevilla<\/strong>, Espa\u00f1a. La ic\u00f3nica sede andaluza albergar\u00e1 a <strong>m\u00e1s de 80 mil personas en las tribunas<\/strong>, mientras que <span>la transmisi\u00f3n en vivo podr\u00e1 seguirse de forma totalmente gratuita mediante Twitch, YouTube y TikTok<\/span>. Para el p\u00fablico de Argentina, la transmisi\u00f3n del evento comenzar\u00e1 formalmente a las <strong>14:00 horas<\/strong>. Adem\u00e1s de los combates planificados, <span>el festival incluir\u00e1 presentaciones musicales de escala internacional. Artistas de renombre como Yandel, Juanes, Bad Gyal y Anuel AA subir\u00e1n al escenario montado dentro del recinto para amenizar las pausas entre cada pelea<\/span>, garantizando un espect\u00e1culo masivo. Junto al cronista deportivo, la representaci\u00f3n argentina en la cartelera se completar\u00e1 con las apariciones sobre el tapiz de Lit Killah, Angie Velasco y Ger\u00f3nimo Arias. <h2>El rival espa\u00f1ol contra el que boxear\u00e1 Gast\u00f3n Edul<\/h2> El oponente designado para cruzar guantes con Edul es el espa\u00f1ol <strong>Edu Aguirre<\/strong>, integrante del famoso programa deportivo <strong>El Chiringuito de Jugones<\/strong> y figura ampliamente reconocida en el \u00e1mbito medi\u00e1tico internacional. Su perfil cobr\u00f3 trascendencia debido a su <span>cercana amistad con el futbolista portugu\u00e9s Cristiano Ronaldo y sus habituales posturas cr\u00edticas hacia la figura de Lionel Messi<\/span>, un trasfondo que a\u00f1ade un condimento futbolero ineludible al choque. <div>El periodista espa\u00f1ol, que pelear\u00e1 con Edul <\/div> El cara a cara previo entre ambos contrincantes ya encendi\u00f3 la temperatura en las redes sociales debido a los picantes intercambios verbales que mantuvieron durante las presentaciones oficiales. Mientras Aguirre manifest\u00f3 p\u00fablicamente que cuenta con la plena confianza del astro lusitano para salir victorioso, el cronista albiceleste remarc\u00f3 que afronta este reto como una oportunidad para demostrar el car\u00e1cter competitivo de los profesionales locales ante la subestimaci\u00f3n externa. <h2>La cartelera completa: la lista con los 10 combates de la noche<\/h2> La velada deportiva y de entretenimiento contar\u00e1 con diez cruces programados que abarcan a personalidades de las redes sociales, la creaci\u00f3n de contenidos y la m\u00fasica. La lista oficial de enfrentamientos confirmados para la jornada se compone de los siguientes combates: <ul> <li> Edu Aguirre vs. Gast\u00f3n Edul <\/li> <li> Fabiana Sevillano vs. Valeria &#8220;La Parce&#8221; <\/li> <li> Clersss vs. Natalia MX <\/li> <li> Lit Killah vs. Kidd Keo <\/li> <li> Alondrissa vs. Angie Velasco <\/li> <li> Gero Arias vs. ByViruzz <\/li> <li> Samy Rivers vs. RoRo <\/li> <li> Marta D\u00edaz vs. Tatiana K\u00e4er <\/li> <li> YoSoyPlex vs. Fernanfloo <\/li> <li> IlloJuan vs. TheGrefg <\/li> <\/ul> El choque estelar entre <strong>IlloJuan<\/strong> y <strong>TheGrefg<\/strong> coronar\u00e1 el cierre de la velada en Sevilla, sintetizando una propuesta de alto impacto visual que trasciende las fronteras del streaming tradicional para trasladarse a un escenario deportivo masivo seguido por millones de personas en todo el mundo. <\/div><\/div><\/div><\/p>\n                                        \n                                        \n                                        <p>Fuente: <a href=\"https:\/\/www.iprofesional.com\/negocios\/460456-cuando-es-la-velada-del-ano-6-y-quien-es-el-rival-con-el-peleara-edul\">Enlace original<\/a><\/p>\n                                        ","protected":false},"excerpt":{"rendered":"<p>El evento promete romper todos los r\u00e9cords del streaming mundial. Habr\u00e1 varios peladores argentinos, entre los que se destaca el cronista de la Selecci\u00f3n 21\/07\/2026 &#8211; 22:15hs El fen\u00f3meno global que combina boxeo amateur, producci\u00f3n de entretenimiento y m\u00e9tricas r\u00e9cord de audiencia digital calienta motores para una de sus ediciones m\u00e1s ambiciosas. La propuesta creada [&hellip;]<\/p>\n","protected":false},"author":1,"featured_media":820,"comment_status":"open","ping_status":"","sticky":false,"template":"template-ancho-completo.php","format":"standard","meta":{"content-type":"","footnotes":"","jetpack_publicize_message":"","jetpack_publicize_feature_enabled":true,"jetpack_social_post_already_shared":true,"jetpack_social_options":{"image_generator_settings":{"template":"highway","default_image_id":0,"font":"","enabled":false},"version":2}},"categories":[58],"tags":[],"class_list":["post-2108","post","type-post","status-publish","format-standard","has-post-thumbnail","hentry","category-iprofessional"],"aioseo_notices":[],"jetpack_publicize_connections":[],"_links":{"self":[{"href":"https:\/\/contabilidadfamiliar.com\/index.php\/wp-json\/wp\/v2\/posts\/2108","targetHints":{"allow":["GET"]}}],"collection":[{"href":"https:\/\/contabilidadfamiliar.com\/index.php\/wp-json\/wp\/v2\/posts"}],"about":[{"href":"https:\/\/contabilidadfamiliar.com\/index.php\/wp-json\/wp\/v2\/types\/post"}],"author":[{"embeddable":true,"href":"https:\/\/contabilidadfamiliar.com\/index.php\/wp-json\/wp\/v2\/users\/1"}],"replies":[{"embeddable":true,"href":"https:\/\/contabilidadfamiliar.com\/index.php\/wp-json\/wp\/v2\/comments?post=2108"}],"version-history":[{"count":0,"href":"https:\/\/contabilidadfamiliar.com\/index.php\/wp-json\/wp\/v2\/posts\/2108\/revisions"}],"wp:featuredmedia":[{"embeddable":true,"href":"https:\/\/contabilidadfamiliar.com\/index.php\/wp-json\/wp\/v2\/media\/820"}],"wp:attachment":[{"href":"https:\/\/contabilidadfamiliar.com\/index.php\/wp-json\/wp\/v2\/media?parent=2108"}],"wp:term":[{"taxonomy":"category","embeddable":true,"href":"https:\/\/contabilidadfamiliar.com\/index.php\/wp-json\/wp\/v2\/categories?post=2108"},{"taxonomy":"post_tag","embeddable":true,"href":"https:\/\/contabilidadfamiliar.com\/index.php\/wp-json\/wp\/v2\/tags?post=2108"}],"curies":[{"name":"wp","href":"https:\/\/api.w.org\/{rel}","templated":true}]}}