{"id":2107,"date":"2026-07-22T03:23:04","date_gmt":"2026-07-22T03:23:04","guid":{"rendered":"https:\/\/contabilidadfamiliar.com\/index.php\/2026\/07\/22\/dejan-de-producir-los-alfajores-de-una-marca-artesanal-que-se-habia-hecho-un-nombre\/"},"modified":"2026-07-22T03:23:04","modified_gmt":"2026-07-22T03:23:04","slug":"dejan-de-producir-los-alfajores-de-una-marca-artesanal-que-se-habia-hecho-un-nombre","status":"publish","type":"post","link":"https:\/\/contabilidadfamiliar.com\/index.php\/2026\/07\/22\/dejan-de-producir-los-alfajores-de-una-marca-artesanal-que-se-habia-hecho-un-nombre\/","title":{"rendered":"Dejan de producir los alfajores de una marca artesanal que se hab\u00eda hecho un nombre"},"content":{"rendered":" \n                                        <p><div class=\"extracted-content\"><div id=\"readability-page-1\" class=\"page\"><div>  La decisi\u00f3n fue informada a trav\u00e9s de las redes sociales del emprendimiento, que hab\u00eda nacido durante la pandemia: &#8220;Vamos a enfocarnos en nuevos proyectos&#8221;  <strong>21\/07\/2026<\/strong> &#8211; 23:40hs <div> <picture> <source type=\"image\/webp\" media=\"(max-width: 642px)\" srcset=\"https:\/\/resizer.iproimg.com\/unsafe\/384x\/filters:format(webp):quality(75):max_bytes(102400)\/https:\/\/assets.iprofesional.com\/assets\/jpg\/2026\/07\/622160.jpg 384w, https:\/\/resizer.iproimg.com\/unsafe\/512x\/filters:format(webp):quality(75):max_bytes(102400)\/https:\/\/assets.iprofesional.com\/assets\/jpg\/2026\/07\/622160.jpg 512w, https:\/\/resizer.iproimg.com\/unsafe\/640x\/filters:format(webp):quality(75):max_bytes(102400)\/https:\/\/assets.iprofesional.com\/assets\/jpg\/2026\/07\/622160.jpg 640w\" sizes=\"100vw\"> <source type=\"image\/webp\" media=\"(min-width: 642.01px) and (max-width: 1270px)\" srcset=\"https:\/\/resizer.iproimg.com\/unsafe\/614x\/filters:format(webp):quality(75):max_bytes(102400)\/https:\/\/assets.iprofesional.com\/assets\/jpg\/2026\/07\/622160.jpg 614w\" sizes=\"614px\"> <source type=\"image\/webp\" media=\"(min-width: 1270.01px) and (max-width: 1898px)\" srcset=\"https:\/\/resizer.iproimg.com\/unsafe\/928x\/filters:format(webp):quality(75):max_bytes(102400)\/https:\/\/assets.iprofesional.com\/assets\/jpg\/2026\/07\/622160.jpg 928w\" sizes=\"928px\"> <source type=\"image\/webp\" media=\"(min-width: 1898.01px)\" srcset=\"https:\/\/resizer.iproimg.com\/unsafe\/1270x\/filters:format(webp):quality(75):max_bytes(102400)\/https:\/\/assets.iprofesional.com\/assets\/jpg\/2026\/07\/622160.jpg 1270w\" sizes=\"1270px\"> <\/picture> <\/div> <\/div><div> El universo de la reposter\u00eda y la golosina insignia en la Argentina trasciende ampliamente las fronteras de las grandes marcas tradicionales e industriales. En los \u00faltimos a\u00f1os, <a href=\"https:\/\/www.iprofesional.com\/recreo\/460279-vuelve-al-mercado-un-alfajor-del-siglo-pasado-para-los-nostalgicos-del-kiosco\" target=\"_blank\" rel=\"noopener noreferrer\">el ecosistema alfajorero nacional fue testigo del florecimiento<\/a> de numerosos emprendimientos independientes y artesanales que, impulsados por la pasi\u00f3n de verdaderos fan\u00e1ticos de la gastronom\u00eda, lograron hacerse un lugar de prestigio a fuerza de materia prima de calidad, recetas creativas y una atenci\u00f3n cercana con los consumidores. No obstante, al tratarse muchas veces de proyectos autogestionados por personas que combinan la producci\u00f3n pastelera con sus profesiones habituales, los ciclos de estas Pymes suelen enfrentar momentos de pausa y cierre definitivo. Este es el caso de <strong>Alfajores Lan\u00edn, una marca de culto que comunic\u00f3 de forma oficial el cese total de sus operaciones comerciales.<\/strong> El emprendimiento<strong> hab\u00eda nacido en el a\u00f1o 2020 en plena crisis sanitaria por el Covid-19<\/strong> de la mano de su creador, Sebasti\u00e1n. En un contexto marcado por la incertidumbre global y el confinamiento, el proyecto surgi\u00f3 como <strong>una apuesta personal para poner en marcha un sue\u00f1o pastelero<\/strong>. Con el paso del tiempo, dedicaci\u00f3n constante y el boca a boca de los clientes, Lan\u00edn logr\u00f3 <strong>consolidar un p\u00fablico fiel y construir una reputaci\u00f3n respetada dentro del competitivo circuito de catadores, ferias y fan\u00e1ticos de los alfajores artesanales.<\/strong> A trav\u00e9s de una emotiva carta abierta publicada en sus canales oficiales de redes sociales, sus responsables confirmaron la despedida definitiva tras seis a\u00f1os de actividad continua: &#8220;Hoy es un d\u00eda especial. Despu\u00e9s de estos 6 a\u00f1os maravillosos y de muchas alegr\u00edas, tomamos la decisi\u00f3n de dar un paso al costado, para enfocarnos en nosotros, en nuestros trabajos y en nuevos proyectos. Queremos decirles gracias, gracias de todo coraz\u00f3n por acompa\u00f1arnos y apoyarnos en esta hermosa locura de hacer alfajores&#8221;. <div>Alfajores Lan\u00edn inform\u00f3 que cierra su producci\u00f3n y le pone punto final al emprendimiento que naci\u00f3 en 2020 <\/div> <h2>Alfajores Lan\u00edn: despedida en redes y el cat\u00e1logo de sabores que dej\u00f3 huella<\/h2> La noticia provoc\u00f3 una r\u00e1pida reacci\u00f3n de lamento y afecto entre sus seguidores en las redes sociales, quienes recordaron con nostalgia la calidad de cada una de sus piezas. En un segundo comunicado, los fundadores profundizaron sobre los motivos y el costo emocional de la determinaci\u00f3n asumida: &#8220;Hoy cerramos las puertas de Alfajores Lan\u00edn. Nunca imaginamos lo dif\u00edcil que ser\u00eda escribir estas palabras. Detr\u00e1s de cada alfajor hubo horas de trabajo, sacrificio, ilusi\u00f3n y much\u00edsimo amor. No fue una decisi\u00f3n f\u00e1cil, pero s\u00ed la \u00faltima de este hermoso camino. Nos vamos con el coraz\u00f3n lleno de gratitud y con la tranquilidad de haber dado siempre lo mejor&#8221;. El sello distintivo de la marca radic\u00f3 en su amplia y sofisticada carta de variedades, alej\u00e1ndose de los esquemas tradicionales para ofrecer combinaciones de sabores innovadoras: <ul> <li>L\u00ednea de frutas: Variedad de frutos del bosque, disponible con ba\u00f1os de cobertura en chocolate blanco y chocolate negro.<\/li> <li>Sabores especiales: Piezas rellenas con crema Bon o Bon y variantes intensas con pasta de caf\u00e9.<\/li> <li>La edici\u00f3n insignia &#8220;Volc\u00e1n&#8221;: Una de las creaciones m\u00e1s aclamadas por sus clientes, elaborada con un generoso relleno de dulce de leche artesanal y un coraz\u00f3n l\u00edquido de salsa de chocolate.<\/li> <\/ul> Con este anuncio, Alfajores Lan\u00edn concluye un ciclo destacado dentro de la escena pastelera independiente, dejando una huella imborrable en la comunidad de emprendedores y reconfirmando el valor que posee la producci\u00f3n artesanal en el paladar argentino. <\/div><\/div><\/div><\/p>\n                                        \n                                        \n                                        <p>Fuente: <a href=\"https:\/\/www.iprofesional.com\/negocios\/460465-dejan-de-producir-los-alfajores-de-una-marca-artesanal-que-se-habia-hecho-un-nombre\">Enlace original<\/a><\/p>\n                                        ","protected":false},"excerpt":{"rendered":"<p>La decisi\u00f3n fue informada a trav\u00e9s de las redes sociales del emprendimiento, que hab\u00eda nacido durante la pandemia: &#8220;Vamos a enfocarnos en nuevos proyectos&#8221; 21\/07\/2026 &#8211; 23:40hs El universo de la reposter\u00eda y la golosina insignia en la Argentina trasciende ampliamente las fronteras de las grandes marcas tradicionales e industriales. En los \u00faltimos a\u00f1os, el [&hellip;]<\/p>\n","protected":false},"author":1,"featured_media":820,"comment_status":"open","ping_status":"","sticky":false,"template":"template-ancho-completo.php","format":"standard","meta":{"content-type":"","footnotes":"","jetpack_publicize_message":"","jetpack_publicize_feature_enabled":true,"jetpack_social_post_already_shared":true,"jetpack_social_options":{"image_generator_settings":{"template":"highway","default_image_id":0,"font":"","enabled":false},"version":2}},"categories":[58],"tags":[],"class_list":["post-2107","post","type-post","status-publish","format-standard","has-post-thumbnail","hentry","category-iprofessional"],"aioseo_notices":[],"jetpack_publicize_connections":[],"_links":{"self":[{"href":"https:\/\/contabilidadfamiliar.com\/index.php\/wp-json\/wp\/v2\/posts\/2107","targetHints":{"allow":["GET"]}}],"collection":[{"href":"https:\/\/contabilidadfamiliar.com\/index.php\/wp-json\/wp\/v2\/posts"}],"about":[{"href":"https:\/\/contabilidadfamiliar.com\/index.php\/wp-json\/wp\/v2\/types\/post"}],"author":[{"embeddable":true,"href":"https:\/\/contabilidadfamiliar.com\/index.php\/wp-json\/wp\/v2\/users\/1"}],"replies":[{"embeddable":true,"href":"https:\/\/contabilidadfamiliar.com\/index.php\/wp-json\/wp\/v2\/comments?post=2107"}],"version-history":[{"count":0,"href":"https:\/\/contabilidadfamiliar.com\/index.php\/wp-json\/wp\/v2\/posts\/2107\/revisions"}],"wp:featuredmedia":[{"embeddable":true,"href":"https:\/\/contabilidadfamiliar.com\/index.php\/wp-json\/wp\/v2\/media\/820"}],"wp:attachment":[{"href":"https:\/\/contabilidadfamiliar.com\/index.php\/wp-json\/wp\/v2\/media?parent=2107"}],"wp:term":[{"taxonomy":"category","embeddable":true,"href":"https:\/\/contabilidadfamiliar.com\/index.php\/wp-json\/wp\/v2\/categories?post=2107"},{"taxonomy":"post_tag","embeddable":true,"href":"https:\/\/contabilidadfamiliar.com\/index.php\/wp-json\/wp\/v2\/tags?post=2107"}],"curies":[{"name":"wp","href":"https:\/\/api.w.org\/{rel}","templated":true}]}}