{"id":2106,"date":"2026-07-22T03:20:54","date_gmt":"2026-07-22T03:20:54","guid":{"rendered":"https:\/\/contabilidadfamiliar.com\/index.php\/2026\/07\/22\/la-justicia-de-eeuu-condeno-a-la-argentina-a-pagar-mas-de-us390-millones-por-aerolineas-argentinas\/"},"modified":"2026-07-22T03:20:54","modified_gmt":"2026-07-22T03:20:54","slug":"la-justicia-de-eeuu-condeno-a-la-argentina-a-pagar-mas-de-us390-millones-por-aerolineas-argentinas","status":"publish","type":"post","link":"https:\/\/contabilidadfamiliar.com\/index.php\/2026\/07\/22\/la-justicia-de-eeuu-condeno-a-la-argentina-a-pagar-mas-de-us390-millones-por-aerolineas-argentinas\/","title":{"rendered":"La Justicia de EEUU conden\u00f3 a la Argentina a pagar m\u00e1s de u$s390 millones por Aerol\u00edneas Argentinas"},"content":{"rendered":" \n                                        <p><div class=\"extracted-content\"><div id=\"readability-page-1\" class=\"page\"><div> <!-- { REGION4 --> <header> <h2><p id=\"p-1784669866717-67413\"> La C\u00e1mara de Apelaciones de Washington confirm\u00f3 el fallo a favor del fondo Titan Consortium por la expropiaci\u00f3n de la aerol\u00ednea en 2008.<\/h2> <\/header> <ul><li> <h2> <a href=\"https:\/\/www.ambito.com\/economia\/los-nuevos-aranceles-que-donald-trump-anunciaria-el-proximo-viernes-incluirian-argentina-n6302200\" target=\"\" title=\"\u00e1mbito.com | Los nuevos aranceles que Trump anunciar\u00eda el pr\u00f3ximo viernes incluir\u00edan a Argentina\" alt=\"\u00e1mbito.com | Los nuevos aranceles que Trump anunciar\u00eda el pr\u00f3ximo viernes incluir\u00edan a Argentina\" rel=\"deferer follow\"> Los nuevos aranceles que Trump anunciar\u00eda el pr\u00f3ximo viernes incluir\u00edan a Argentina <\/a><\/h2> <\/li> <li> <h2> <a href=\"https:\/\/www.ambito.com\/mundo\/eeuu-una-diputada-acuso-la-argentina-tener-una-historia-racismo-el-congreso-n6302146\" target=\"\" title=\"\u00e1mbito.com | EEUU: una diputada acus\u00f3 a la Argentina de tener una historia de racismo ante el Congreso\" alt=\"\u00e1mbito.com | EEUU: una diputada acus\u00f3 a la Argentina de tener una historia de racismo ante el Congreso\" rel=\"deferer follow\"> EEUU: una diputada acus\u00f3 a la Argentina de tener &#8220;una historia de racismo&#8221; ante el Congreso <\/a><\/h2> <\/li><\/ul> <div> <\/div> <article data-td-script-src=\"https:\/\/www.ambito.com\/td\/modulos\/encuestas\/js\/function-embeds-min-version-1784606890.js\"> <p id=\"p-1784670425652-92335\">La <strong>C\u00e1mara de Apelaciones de <a href=\"https:\/\/www.ambito.com\/mundo\/eeuu-asegura-estar-abierto-al-dialogo-pero-mantiene-los-bombardeos-contra-iran-n6301818\" target=\"_blank\" rel=\"follow\">Washington<\/a><\/strong> fall\u00f3 en contra de la <strong><a href=\"https:\/\/www.ambito.com\/moodys-elevo-la-nota-argentina-y-las-tres-grandes-calificadoras-ya-mejoraron-la-deuda-del-pais-n6302122\" target=\"_blank\" rel=\"follow\">Argentina<\/a><\/strong> en el juicio que mantiene con el fondo buitre <strong>Titan Consortium<\/strong> por la <strong>expropiaci\u00f3n de <a href=\"https:\/\/www.ambito.com\/negocios\/aerolineas-argentinas-suma-ultimo-momento-un-vuelo-especial-nueva-york-la-final-del-mundial-2026-y-ya-estan-la-venta-los-pasajes-n6300697\" target=\"_blank\" rel=\"follow\">Aerol\u00edneas Argentinas<\/a><\/strong>. El tribunal confirm\u00f3 la sentencia de primera instancia y estableci\u00f3 que el pa\u00eds deber\u00e1 pagar m\u00e1s de <strong> u$s390 millones<\/strong>.<\/article> <article> <p id=\"p-1784670425652-9882\">El litigio se remonta a <strong>2008<\/strong>, cuando el gobierno de <strong>Cristina Kirchner<\/strong> dispuso la expropiaci\u00f3n de la aerol\u00ednea de bandera. Casi una d\u00e9cada despu\u00e9s, en <strong>2017<\/strong>, un tribunal arbitral del <strong>Centro Internacional de Arreglo de Diferencias relativas a Inversiones (CIADI)<\/strong> conden\u00f3 al pa\u00eds a pagar unos <strong>u$s321 millones<\/strong> \u2014m\u00e1s intereses y costas\u2014 por la expropiaci\u00f3n de las participaciones accionarias en Aerol\u00edneas Argentinas y Austral L\u00edneas A\u00e9reas Cielos del Sur.<\/article> <article><p id=\"p-1784670425652-48752\"> Argentina intent\u00f3 anular ese laudo, pero el fallo qued\u00f3 firme en <strong>2019<\/strong>. Con ese respaldo, <strong>Titan Consortium<\/strong> \u2014la firma que adquiri\u00f3 los derechos econ\u00f3micos del reclamo como cesionaria de <strong>Teinver<\/strong> y otros accionistas\u2014 pidi\u00f3 en <strong>2021<\/strong> el reconocimiento y la ejecuci\u00f3n del laudo ante la <strong>Corte de Distrito de Estados Unidos para el Distrito de Columbia<\/strong>.<\/article> <article> <h2 id=\"p-1784670425652-88318\">Por qu\u00e9 el plazo de prescripci\u00f3n fue la clave del litigio<\/h2> <p id=\"p-1784670425652-50560\">En <strong>2024<\/strong>, la Corte de Distrito rechaz\u00f3 el argumento argentino de un <strong>plazo de prescripci\u00f3n de tres a\u00f1os<\/strong> y resolvi\u00f3 que el plazo aplicable era de <strong>12 a\u00f1os<\/strong>. Con ese criterio, reconoci\u00f3 el laudo del CIADI por <strong>u$s390.907.115,55<\/strong> al 10 de diciembre de 2024, monto al que se sumar\u00edan los intereses posteriores.<\/article> <article> <p id=\"p-1784670425652-86833\">El pa\u00eds apel\u00f3 ese fallo el a\u00f1o pasado, insistiendo con la prescripci\u00f3n de tres a\u00f1os frente a los 12 fijados en primera instancia. Sin embargo, la <strong>Corte de Apelaciones para el Circuito del Distrito de Columbia<\/strong> ratific\u00f3 hoy la decisi\u00f3n original y confirm\u00f3 que rige el plazo de <strong>12 a\u00f1os<\/strong>, por lo que el monto final se mantiene en m\u00e1s de u$s390 millones.<\/article> <article> <p id=\"p-1784670425652-4231\">La <strong>Procuraci\u00f3n del Tesoro<\/strong> inform\u00f3 a Noticias Argentinas que analizan <strong>&#8220;todas las herramientas legales disponibles para revertir o al menos mitigar el impacto de esa sentencia<\/strong>&#8221; y atribuyeron el origen de la causa &#8220;a la herencia que arrastramos por d\u00e9cadas, producto de pol\u00edticas estatistas y del costo institucional de volver a levantar un pa\u00eds que heredamos con m\u00e1s de u$s30.000 millones en deudas por juicios perdidos&#8221;. <\/article> <div><ul> <span> Temas <\/span> <li> <a href=\"https:\/\/www.ambito.com\/estados-unidos-a5123162\"> Estados Unidos <\/a><\/li> <li> <a href=\"https:\/\/www.ambito.com\/argentina-a5126798\"> Argentina <\/a><\/li> <li> <a href=\"https:\/\/www.ambito.com\/aerolineas-argentinas-a5122491\"> Aerol\u00edneas Argentinas <\/a><\/li> <\/ul><\/div> <!-- REGION4 } --><\/div><\/div><\/div><\/p>\n                                        \n                                        \n                                        <p>Fuente: <a href=\"https:\/\/www.ambito.com\/economia\/la-justicia-eeuu-condeno-la-argentina-pagar-mas-us390-millones-aerolineas-argentinas-n6302157\">Enlace original<\/a><\/p>\n                                        ","protected":false},"excerpt":{"rendered":"<p>La C\u00e1mara de Apelaciones de Washington confirm\u00f3 el fallo a favor del fondo Titan Consortium por la expropiaci\u00f3n de la aerol\u00ednea en 2008. Los nuevos aranceles que Trump anunciar\u00eda el pr\u00f3ximo viernes incluir\u00edan a Argentina EEUU: una diputada acus\u00f3 a la Argentina de tener &#8220;una historia de racismo&#8221; ante el Congreso La C\u00e1mara de Apelaciones [&hellip;]<\/p>\n","protected":false},"author":1,"featured_media":820,"comment_status":"open","ping_status":"","sticky":false,"template":"template-ancho-completo.php","format":"standard","meta":{"content-type":"","footnotes":"","jetpack_publicize_message":"","jetpack_publicize_feature_enabled":true,"jetpack_social_post_already_shared":true,"jetpack_social_options":{"image_generator_settings":{"template":"highway","default_image_id":0,"font":"","enabled":false},"version":2}},"categories":[57],"tags":[],"class_list":["post-2106","post","type-post","status-publish","format-standard","has-post-thumbnail","hentry","category-ambitofinanciero"],"aioseo_notices":[],"jetpack_publicize_connections":[],"_links":{"self":[{"href":"https:\/\/contabilidadfamiliar.com\/index.php\/wp-json\/wp\/v2\/posts\/2106","targetHints":{"allow":["GET"]}}],"collection":[{"href":"https:\/\/contabilidadfamiliar.com\/index.php\/wp-json\/wp\/v2\/posts"}],"about":[{"href":"https:\/\/contabilidadfamiliar.com\/index.php\/wp-json\/wp\/v2\/types\/post"}],"author":[{"embeddable":true,"href":"https:\/\/contabilidadfamiliar.com\/index.php\/wp-json\/wp\/v2\/users\/1"}],"replies":[{"embeddable":true,"href":"https:\/\/contabilidadfamiliar.com\/index.php\/wp-json\/wp\/v2\/comments?post=2106"}],"version-history":[{"count":0,"href":"https:\/\/contabilidadfamiliar.com\/index.php\/wp-json\/wp\/v2\/posts\/2106\/revisions"}],"wp:featuredmedia":[{"embeddable":true,"href":"https:\/\/contabilidadfamiliar.com\/index.php\/wp-json\/wp\/v2\/media\/820"}],"wp:attachment":[{"href":"https:\/\/contabilidadfamiliar.com\/index.php\/wp-json\/wp\/v2\/media?parent=2106"}],"wp:term":[{"taxonomy":"category","embeddable":true,"href":"https:\/\/contabilidadfamiliar.com\/index.php\/wp-json\/wp\/v2\/categories?post=2106"},{"taxonomy":"post_tag","embeddable":true,"href":"https:\/\/contabilidadfamiliar.com\/index.php\/wp-json\/wp\/v2\/tags?post=2106"}],"curies":[{"name":"wp","href":"https:\/\/api.w.org\/{rel}","templated":true}]}}